{"id":12551,"date":"2015-03-14T14:51:15","date_gmt":"2015-03-14T13:51:15","guid":{"rendered":"http:\/\/www.djk-erlangen.de\/fussball\/?p=12551"},"modified":"2015-03-14T14:59:12","modified_gmt":"2015-03-14T13:59:12","slug":"torreicher-saisonauftakt-bei-der-d3","status":"publish","type":"post","link":"https:\/\/www.djk-erlangen.de\/fussball\/?p=12551","title":{"rendered":"torreicher Saisonauftakt bei der D3"},"content":{"rendered":"<p>Zum Saisonauftakt durften die Jungs vom Wiesenweg heute nach Langensendlbach zur JFG Regnitztal reisen. Auf dem recht schmierigen Untergrund wollte so richtiges Fu\u00dfballspielen nicht aufkommen.<\/p>\n<p><!--more--><\/p>\n<p>Nur durch lang geschlagene B\u00e4lle kam es immer wieder zu Chancen auf beiden Seiten. Oliver war es vorbehalten seine Farben mit einem sch\u00f6nen Distanzschu\u00df 0:1 in F\u00fchrung zu bringen. Diese F\u00fchrung<br \/>\nkonnte dann wenige Minuten sp\u00e4ter durch Ben auf 0:2 ausgebaut werden.<br \/>\nLeider meinte man mit diesem sicheren Vorsprung den Gegner im Sack zu haben. Weit gefehlt! Die quirlligen Gastgeber steckten nie auf und kamen durch 2 Tore binnen 5 Minuten zum Ausgleich. In der Folgezeit<br \/>\nder Begegnung h\u00e4tte dann alleine Luis das Spiel vorentscheidend drehen k\u00f6nnen. Mit einem Doppelpack zum zwischenzeitlichen 2:4 Zwischenstand\u00a0 und weiteren Chancen h\u00e4tte er das Ergebnis deutlicher<br \/>\ngestalten k\u00f6nnen. So kamen die Hausherren durch eine Bogenlampe vor der Pause\u00a0 noch auf 3:4 heran.<\/p>\n<p>Im zweiten Spielabschnitt wurde es dann aus unerkl\u00e4rlichen Gr\u00fcnden etwas ruppiger, was vielleicht auch daran liegen konnte, da\u00df die Beine auf dem tiefen und schweren Boden nach der intensiven Vorbereitung immer<br \/>\nschwerer wurden und auch die Wechselspieler nicht in dem Rahmen zur Verf\u00fcgung standen wir vorgesehen.<\/p>\n<p>Eine Unaufmerksamkeit in unserer Defensive wurde eiskalt bestraft und die JFG`ler kamen kurz nach dem Wiederanpfiff zum Ausgleich. F\u00fcr die erneute F\u00fchrung der DJK sorgte dann unser Ali-Alex welcher nach sch\u00f6nem<br \/>\nDoppelpa\u00df mit Yannick unhaltbar einnetzte.<\/p>\n<p>Leider mu\u00dften wir verletzungsbedingt in den verbleibenden Minuten umbauen und der Ausfall unseres Abwehrstrategen Oli konnte nicht kompensiert werden und so fingen wir uns 3. Minuten vor dem Abpfiff noch das 5:5<\/p>\n<p>Mit diesem torreichen Spiel waren wir dann auch in der Saison angekommen. Bereits am Sonntag, 22.03.15 kommt die SV Weilersbach zu uns an den Wiesengrund, welche ihr Auftaktspiel mit 14:0 gewonnen hatten.<\/p>\n<p>DJK Aufgebot:<br \/>\nTim; Ali-Alex; Oliver; Luis; Ben; Luca; Yannick<\/p>\n<p>Tore:<br \/>\nLuis(2); Ali-Alex (1); Ben(1); Oliver(1)<\/p>\n","protected":false},"excerpt":{"rendered":"<p>Zum Saisonauftakt durften die Jungs vom Wiesenweg heute nach Langensendlbach zur JFG Regnitztal reisen. Auf dem recht schmierigen Untergrund wollte so richtiges Fu\u00dfballspielen nicht aufkommen.<\/p>\n","protected":false},"author":32,"featured_media":0,"comment_status":"open","ping_status":"closed","sticky":false,"template":"","format":"standard","meta":{"jetpack_post_was_ever_published":false,"_jetpack_newsletter_access":"","_jetpack_dont_email_post_to_subs":false,"_jetpack_newsletter_tier_id":0,"_jetpack_memberships_contains_paywalled_content":false,"_jetpack_memberships_contains_paid_content":false,"footnotes":"","jetpack_publicize_message":"","jetpack_publicize_feature_enabled":true,"jetpack_social_post_already_shared":true,"jetpack_social_options":{"image_generator_settings":{"template":"highway","default_image_id":0,"font":"","enabled":false},"version":2}},"categories":[41],"tags":[],"class_list":["post-12551","post","type-post","status-publish","format-standard","hentry","category-u13-d3"],"jetpack_publicize_connections":[],"jetpack_featured_media_url":"","jetpack_shortlink":"https:\/\/wp.me\/p2ZUr0-3gr","jetpack_sharing_enabled":true,"_links":{"self":[{"href":"https:\/\/www.djk-erlangen.de\/fussball\/index.php?rest_route=\/wp\/v2\/posts\/12551","targetHints":{"allow":["GET"]}}],"collection":[{"href":"https:\/\/www.djk-erlangen.de\/fussball\/index.php?rest_route=\/wp\/v2\/posts"}],"about":[{"href":"https:\/\/www.djk-erlangen.de\/fussball\/index.php?rest_route=\/wp\/v2\/types\/post"}],"author":[{"embeddable":true,"href":"https:\/\/www.djk-erlangen.de\/fussball\/index.php?rest_route=\/wp\/v2\/users\/32"}],"replies":[{"embeddable":true,"href":"https:\/\/www.djk-erlangen.de\/fussball\/index.php?rest_route=%2Fwp%2Fv2%2Fcomments&post=12551"}],"version-history":[{"count":3,"href":"https:\/\/www.djk-erlangen.de\/fussball\/index.php?rest_route=\/wp\/v2\/posts\/12551\/revisions"}],"predecessor-version":[{"id":12554,"href":"https:\/\/www.djk-erlangen.de\/fussball\/index.php?rest_route=\/wp\/v2\/posts\/12551\/revisions\/12554"}],"wp:attachment":[{"href":"https:\/\/www.djk-erlangen.de\/fussball\/index.php?rest_route=%2Fwp%2Fv2%2Fmedia&parent=12551"}],"wp:term":[{"taxonomy":"category","embeddable":true,"href":"https:\/\/www.djk-erlangen.de\/fussball\/index.php?rest_route=%2Fwp%2Fv2%2Fcategories&post=12551"},{"taxonomy":"post_tag","embeddable":true,"href":"https:\/\/www.djk-erlangen.de\/fussball\/index.php?rest_route=%2Fwp%2Fv2%2Ftags&post=12551"}],"curies":[{"name":"wp","href":"https:\/\/api.w.org\/{rel}","templated":true}]}}