{"id":12542,"date":"2015-03-07T12:45:00","date_gmt":"2015-03-07T11:45:00","guid":{"rendered":"http:\/\/www.djk-erlangen.de\/fussball\/?p=12542"},"modified":"2015-03-08T17:32:48","modified_gmt":"2015-03-08T16:32:48","slug":"d1testet-beim-tve","status":"publish","type":"post","link":"https:\/\/www.djk-erlangen.de\/fussball\/?p=12542","title":{"rendered":"D1testet beim TVE"},"content":{"rendered":"<p>Am heutigen Samstag vormittag absolvierte die D1 ihr zweites Testspiel. Man war zu Gast bei den Stadtteilnachbarn am Kosbacher Weg beim TVE.<\/p>\n<p><!--more--><\/p>\n<p>Auf dem Sandplatz tat man sich zu Beginn der Partie etwas schwer, da an vern\u00fcnftigen Kombinationsfu\u00dfball nicht zu denken war. So entwickelte sich ein\u00a0 nicht gerade ansehnliches Fu\u00dfballspiel.<br \/>\nIrgendwie kamen die Weichbuben mit zunehmendem Spielverlauf mit dem sandigen Untergrund besser zu Recht und kamen auch nach langen B\u00e4llen immer wieder gef\u00e4hrlich vor des Gegners<br \/>\nGeh\u00e4use. Die Hausherren konnten sich nur mit Befreiungsschl\u00e4gen erwehren.<\/p>\n<p>Kurz vor der Pause machten wir es dann besser, ein langer Ball von Oliver direkt in den Lauf von Arijan, verwandelte dieser das Spielger\u00e4t unhaltbar mit einem sch\u00f6nen Volleyschu\u00df zum 0:1 f\u00fcr die<br \/>\nWiesenwegbuben. Mit diesem knappen Vorsprung wechselte man auch die Seiten.<\/p>\n<p>Im zweiten Spielabschnitt das gleiche Bild. Der TVE war eigentlich nur noch darauf bedacht aus einer massiven Defensive den einen oder anderen Entlastungsangriff zu fahren. Dies gelang dann auch<br \/>\neinmal und so konnte unser fast besch\u00e4ftigungslose Keeper den strammen Schu\u00df parieren. Der Abpraller gelang jedoch genau vor die F\u00fc\u00dfe eines TV Spielers, der sich diese Chance nicht nehmen lie\u00df,<br \/>\nden Ball zum 1:1 Ausgleich in die Maschen zu bef\u00f6rdern.<\/p>\n<p>Kurz vor Schlu\u00df wurde dann unser wiedergenesener B\u00fcffel knapp hinter der Strafraumgrenze unsanft von den Beinen geholt. Der daraus resultierende Strafsto\u00df konnte leider nicht verwandelt werden<br \/>\nund so endete dieses Testspiel mit einem Unentschieden und brachte keine weiteren Erkentnisse zur Vorbereitung auf die anstehende Aufstiegsrunde.<\/p>\n<p>Am kommenden Wochenende f\u00fchrt uns dann der Weg nach Bamberg, wo wir an einem Leistungsvergleich Turnier u.a. mit Greuther F\u00fcrth teilnehmen. Vielleicht kann das Trainerteam dann einen Trend erkennen<br \/>\nwie die Mannschaft f\u00fcr den anstehenden Saisonauftakt aussehen wird, zumal gleich 3 Stammspieler ersetzt werden m\u00fcssen.<\/p>\n<p><span style=\"text-decoration: underline;\"><span style=\"color: #000000; text-decoration: underline;\">DJK Aufgebot:<\/span><\/span><br \/>\nLuis; Daniel; Oliver; Lorenz; Konstantin; Benedikt; Ben; Arijan; Luca; Florian; Lasse; Yannick<\/p>\n<p><span style=\"text-decoration: underline;\">Tore:<\/span>Arijan (1)<\/p>\n","protected":false},"excerpt":{"rendered":"<p>Am heutigen Samstag vormittag absolvierte die D1 ihr zweites Testspiel. Man war zu Gast bei den Stadtteilnachbarn am Kosbacher Weg beim TVE.<\/p>\n","protected":false},"author":32,"featured_media":0,"comment_status":"open","ping_status":"closed","sticky":false,"template":"","format":"standard","meta":{"jetpack_post_was_ever_published":false,"_jetpack_newsletter_access":"","_jetpack_dont_email_post_to_subs":false,"_jetpack_newsletter_tier_id":0,"_jetpack_memberships_contains_paywalled_content":false,"_jetpack_memberships_contains_paid_content":false,"footnotes":"","jetpack_publicize_message":"","jetpack_publicize_feature_enabled":true,"jetpack_social_post_already_shared":true,"jetpack_social_options":{"image_generator_settings":{"template":"highway","default_image_id":0,"font":"","enabled":false},"version":2}},"categories":[34],"tags":[],"class_list":["post-12542","post","type-post","status-publish","format-standard","hentry","category-u13-d1"],"jetpack_publicize_connections":[],"jetpack_featured_media_url":"","jetpack_shortlink":"https:\/\/wp.me\/p2ZUr0-3gi","jetpack_sharing_enabled":true,"_links":{"self":[{"href":"https:\/\/www.djk-erlangen.de\/fussball\/index.php?rest_route=\/wp\/v2\/posts\/12542","targetHints":{"allow":["GET"]}}],"collection":[{"href":"https:\/\/www.djk-erlangen.de\/fussball\/index.php?rest_route=\/wp\/v2\/posts"}],"about":[{"href":"https:\/\/www.djk-erlangen.de\/fussball\/index.php?rest_route=\/wp\/v2\/types\/post"}],"author":[{"embeddable":true,"href":"https:\/\/www.djk-erlangen.de\/fussball\/index.php?rest_route=\/wp\/v2\/users\/32"}],"replies":[{"embeddable":true,"href":"https:\/\/www.djk-erlangen.de\/fussball\/index.php?rest_route=%2Fwp%2Fv2%2Fcomments&post=12542"}],"version-history":[{"count":1,"href":"https:\/\/www.djk-erlangen.de\/fussball\/index.php?rest_route=\/wp\/v2\/posts\/12542\/revisions"}],"predecessor-version":[{"id":12543,"href":"https:\/\/www.djk-erlangen.de\/fussball\/index.php?rest_route=\/wp\/v2\/posts\/12542\/revisions\/12543"}],"wp:attachment":[{"href":"https:\/\/www.djk-erlangen.de\/fussball\/index.php?rest_route=%2Fwp%2Fv2%2Fmedia&parent=12542"}],"wp:term":[{"taxonomy":"category","embeddable":true,"href":"https:\/\/www.djk-erlangen.de\/fussball\/index.php?rest_route=%2Fwp%2Fv2%2Fcategories&post=12542"},{"taxonomy":"post_tag","embeddable":true,"href":"https:\/\/www.djk-erlangen.de\/fussball\/index.php?rest_route=%2Fwp%2Fv2%2Ftags&post=12542"}],"curies":[{"name":"wp","href":"https:\/\/api.w.org\/{rel}","templated":true}]}}