{"id":12526,"date":"2015-02-28T14:09:20","date_gmt":"2015-02-28T13:09:20","guid":{"rendered":"http:\/\/www.djk-erlangen.de\/fussball\/?p=12526"},"modified":"2015-03-01T10:59:14","modified_gmt":"2015-03-01T09:59:14","slug":"verhaltener-auftakt","status":"publish","type":"post","link":"https:\/\/www.djk-erlangen.de\/fussball\/?p=12526","title":{"rendered":"verhaltener Auftakt der D1 Junioren"},"content":{"rendered":"<p>Am heutigen Samstag startete die D1 mit einem Testspiel in die neue Saison. Zu Gast am Wiesengrund waren die Kameraden vom TSV Buch. Bei besten \u00e4u\u00dferen Bedingungen versuchten die Weichbuben das Spiel zu diktieren.<\/p>\n<p><!--more--><!--more--><\/p>\n<p>Trotz einiger krankheitsbedingter Ausf\u00e4lle vom Stammpersonal hatten wir den Gegner relativ gut im Griff, nur das mit dem Toreschie\u00dfen wurde wohl in der Winterpause vergessen. Zahlreiche Einschu\u00dfm\u00f6glichkeiten konnten nicht verwertet werden und so gingen die G\u00e4ste nach einer Standardsituation Mitte des ersten Spielabschnittes \u00fcberraschend in F\u00fchrung. Auch in der Folgezeit der Partie waren wir die deutlich bessere Mannschaft nur gelang es uns nicht bis zum Pausenpfiff den R\u00fcckstand zu egalisieren.<\/p>\n<p>Im zweiten Spielabschnitt das gleiche Bild! Spielerisch waren wir den G\u00e4sten \u00fcberlegen nur was z\u00e4hlbares wollte dabei nicht rausspringen. Einmal waren wir nicht auf dem Posten und mit einem klugen Pass wurde unsere komplette Defensive aus den Angeln gehoben und die Knoblauchsland-Kicker konnten auf 0:2 erh\u00f6hen. Dieser R\u00fcckstand 10 Minuten vor dem Abpfiff konnte bei uns keine Reserven mehr freisetzen uns so f\u00fcgte man sich dieser unn\u00f6tigen Heimniederlage im ersten Freiluftauftritt der neuen Saison.<\/p>\n<p>Bis zum 1. Punktspiel in gut 3 Wochen alles reibungslos funktioniert wartet noch viel Arbeit auf das Trainerteam. Bereits am kommenden Samstag k\u00f6nnen sich die Jungs rehabilitieren. Da gehts dann zum testen auf die andere Stra\u00dfenseite in Alterlangen zum TVE.<\/p>\n<p>DJK Aufgebot:<br \/>\nLuis; Daniel; Ali-Alex:; Lorenz; Konstantin; Ben; Arijan; Timm; Flo; Lasse; Luca; Yannick<br \/>\nTore :<br \/>\nFehlanzeige<\/p>\n","protected":false},"excerpt":{"rendered":"<p>Am heutigen Samstag startete die D1 mit einem Testspiel in die neue Saison. Zu Gast am Wiesengrund waren die Kameraden vom TSV Buch. Bei besten \u00e4u\u00dferen Bedingungen versuchten die Weichbuben das Spiel zu diktieren.<\/p>\n","protected":false},"author":32,"featured_media":0,"comment_status":"open","ping_status":"closed","sticky":false,"template":"","format":"standard","meta":{"jetpack_post_was_ever_published":false,"_jetpack_newsletter_access":"","_jetpack_dont_email_post_to_subs":false,"_jetpack_newsletter_tier_id":0,"_jetpack_memberships_contains_paywalled_content":false,"_jetpack_memberships_contains_paid_content":false,"footnotes":"","jetpack_publicize_message":"","jetpack_publicize_feature_enabled":true,"jetpack_social_post_already_shared":true,"jetpack_social_options":{"image_generator_settings":{"template":"highway","default_image_id":0,"font":"","enabled":false},"version":2}},"categories":[34],"tags":[],"class_list":["post-12526","post","type-post","status-publish","format-standard","hentry","category-u13-d1"],"jetpack_publicize_connections":[],"jetpack_featured_media_url":"","jetpack_shortlink":"https:\/\/wp.me\/p2ZUr0-3g2","jetpack_sharing_enabled":true,"_links":{"self":[{"href":"https:\/\/www.djk-erlangen.de\/fussball\/index.php?rest_route=\/wp\/v2\/posts\/12526","targetHints":{"allow":["GET"]}}],"collection":[{"href":"https:\/\/www.djk-erlangen.de\/fussball\/index.php?rest_route=\/wp\/v2\/posts"}],"about":[{"href":"https:\/\/www.djk-erlangen.de\/fussball\/index.php?rest_route=\/wp\/v2\/types\/post"}],"author":[{"embeddable":true,"href":"https:\/\/www.djk-erlangen.de\/fussball\/index.php?rest_route=\/wp\/v2\/users\/32"}],"replies":[{"embeddable":true,"href":"https:\/\/www.djk-erlangen.de\/fussball\/index.php?rest_route=%2Fwp%2Fv2%2Fcomments&post=12526"}],"version-history":[{"count":2,"href":"https:\/\/www.djk-erlangen.de\/fussball\/index.php?rest_route=\/wp\/v2\/posts\/12526\/revisions"}],"predecessor-version":[{"id":12539,"href":"https:\/\/www.djk-erlangen.de\/fussball\/index.php?rest_route=\/wp\/v2\/posts\/12526\/revisions\/12539"}],"wp:attachment":[{"href":"https:\/\/www.djk-erlangen.de\/fussball\/index.php?rest_route=%2Fwp%2Fv2%2Fmedia&parent=12526"}],"wp:term":[{"taxonomy":"category","embeddable":true,"href":"https:\/\/www.djk-erlangen.de\/fussball\/index.php?rest_route=%2Fwp%2Fv2%2Fcategories&post=12526"},{"taxonomy":"post_tag","embeddable":true,"href":"https:\/\/www.djk-erlangen.de\/fussball\/index.php?rest_route=%2Fwp%2Fv2%2Ftags&post=12526"}],"curies":[{"name":"wp","href":"https:\/\/api.w.org\/{rel}","templated":true}]}}