{"id":12460,"date":"2015-01-25T15:47:31","date_gmt":"2015-01-25T14:47:31","guid":{"rendered":"http:\/\/www.djk-erlangen.de\/fussball\/?p=12460"},"modified":"2015-01-25T15:47:31","modified_gmt":"2015-01-25T14:47:31","slug":"hallenturnier-in-der-berthold-brecht-halle-nuernberg","status":"publish","type":"post","link":"https:\/\/www.djk-erlangen.de\/fussball\/?p=12460","title":{"rendered":"Hallenturnier in der Berthold-Brecht Halle N\u00fcrnberg"},"content":{"rendered":"<p>Am fr\u00fchen Sonntag morgen zog es den DJK Tro\u00df nach N\u00fcrnberg in die Berthold-Brecht Halle wo wir auf Einladung vom TSV Buch an deren Hallenturnier teilnahmen.<br \/>\nP\u00fcnktlich waren die Jungs mit Ihren zahlreichen Begleitpersonen am Treffpunkt und die Buben vom Wiesengrund konnten es kaum erwarten ins Turnier zu starten.<br \/>\n<!--more--><\/p>\n<p>Nach der Begr\u00fc\u00dfung durch Bernd Schneider bekamen wir in unserem ersten Spiel der Vorrunde es gleich mit dem sp\u00e4teren Turniersieger zu tun. Anf\u00e4nglich taten wir uns<br \/>\nrichtig schwer in die Begegnung zu kommen und gerieten binnen 30 Sekunden mit 0:2 gegen den FSV aus Stadeln in R\u00fcckstand. Nach einigen Umstellungen erarbeiteten<br \/>\nwir uns im weiteren Spielverlauf immer mehr Feldanteile und kamen durch zwei blitzsauber herausgespielte Chancen durch Yannick und Arijan zum Ausgleich. Leider wurden<br \/>\nwir f\u00fcr unsere fulminante Aufholjagd nicht belohnt und kassierten 15 Sekunden vor der Schlu\u00dfsirene noch einen \u00fcberfl\u00fcssigen Gegentreffer.<\/p>\n<p>Im zweiten Spiel wollten wir dann alles besser machen und \u00fcbernahmen vom Anpfiff an gleich die Initiative und schn\u00fcrten die Tuspo aus Heroldsberg f\u00f6rmlich in deren H\u00e4lfte<br \/>\nein. Leider konnten wir unsere \u00dcberlegenheit nicht in Tore umwandeln und so endete die zweite Begegnung mit einem torlosen Remis.<\/p>\n<p>Jetzt stand man mit dem R\u00fccken zur Wand und nur ein Sieg im dritten Vorrundenspiel gegen den Gastgeber TSV Buch 1 bewahrte uns die Chance auf die Halbfinals. Hochmotiviert<br \/>\ngingen die Jungs in die Partie und zeigten eine spielerische Geschlossenheit. V\u00f6llig verdient ging man dann auch durch Luca in F\u00fchrung. Leider konnten wir diesen knappen<br \/>\nVorsprung jedoch nicht \u00fcber die Zeit retten und wiederum kurz vor Schlu\u00df kamen die Hausherren zum Ausgleich. So belegten wir nach der Vorrunde nur den undankbaren 3 Tabellenplatz<br \/>\nund mu\u00dften so in der Zwischenrunde gegen die bis dato punkt und torlose Mannschaft von Buch 2 antreten.<\/p>\n<p>In einer recht einseitigen Partie konnten wir die Begegnung durch ein Tor von Arijan zwar mit 1:0 gewinnen, lie\u00dfen aber zahlreiche klarste Einschu\u00dfm\u00f6glichkeiten ungenutzt um das<br \/>\nResultat deutlicher zu gestalten. So war zumindest das Minimalziel erreicht und zog in die Endrunde ins Spiel um Platz 5 ein.<\/p>\n<p><a href=\"http:\/\/www.djk-erlangen.de\/fussball\/wp-content\/uploads\/2015\/01\/IMG_2506.jpg\"><img loading=\"lazy\" decoding=\"async\" class=\"aligncenter size-medium wp-image-12461\" src=\"http:\/\/www.djk-erlangen.de\/fussball\/wp-content\/uploads\/2015\/01\/IMG_2506-300x225.jpg\" alt=\"IMG_2506\" width=\"300\" height=\"225\" srcset=\"https:\/\/www.djk-erlangen.de\/fussball\/wp-content\/uploads\/2015\/01\/IMG_2506-300x225.jpg 300w, https:\/\/www.djk-erlangen.de\/fussball\/wp-content\/uploads\/2015\/01\/IMG_2506-150x113.jpg 150w, https:\/\/www.djk-erlangen.de\/fussball\/wp-content\/uploads\/2015\/01\/IMG_2506.jpg 960w\" sizes=\"auto, (max-width: 300px) 100vw, 300px\" \/><\/a><\/p>\n<p>Beim Spiel um die &#8222;Goldene Ananas&#8220; trafen wir auf Tuspo N\u00fcrnberg und gewannen auch dieses Spiel ebenfalls durch ein Tor von Arijan mit 1:0. Final konnte man dann doch recht zufrieden<br \/>\nwieder die Heimreise antreten, da die Jungs ordentlich gespielt haben und auch durch ihre mannschaftliche Geschlossenheit bei etwas mehr Gl\u00fcck auch mit einer besseren Platzierung<br \/>\nh\u00e4tten abschneiden k\u00f6nnen. Wichtig zu sehen war auch da\u00df wir durch unsere beiden Winterneuzug\u00e4nge Luca und Yannick deutlich an Qualit\u00e4t dazubekommen haben und so die Vorfreude<br \/>\nauf die Aufstiegsrunde stetig w\u00e4chst.<\/p>\n<p><span style=\"text-decoration: underline;\">Abschlu\u00dftabelle:<\/span><\/p>\n<ol>\n<li>\u00a0FSV Stadeln<\/li>\n<li>\u00a0TSV Buch 1<\/li>\n<li>TB Johannis 88<\/li>\n<li>\u00a0SV Poppenreuth<\/li>\n<li>\u00a0DJK Erlangen<\/li>\n<li>Tuspo N\u00fcrnberg<\/li>\n<li>\u00a0Tuspo Heroldsberg<\/li>\n<li>\u00a0TSV Buch 2<\/li>\n<\/ol>\n<p>DJK Aufgebot<br \/>\nLuis; Tim; Oliver,; Lorenz; Yannick; Benedikt; Ben; Arijan; Luca; Lasse<\/p>\n<p>DJK Tore:<br \/>\nArijan (3); Luca (1); Yannick (1)<\/p>\n","protected":false},"excerpt":{"rendered":"<p>Am fr\u00fchen Sonntag morgen zog es den DJK Tro\u00df nach N\u00fcrnberg in die Berthold-Brecht Halle wo wir auf Einladung vom TSV Buch an deren Hallenturnier teilnahmen. P\u00fcnktlich waren die Jungs mit Ihren zahlreichen Begleitpersonen am Treffpunkt und die Buben vom &hellip; <a href=\"https:\/\/www.djk-erlangen.de\/fussball\/?p=12460\">Weiterlesen <span class=\"meta-nav\">&rarr;<\/span><\/a><\/p>\n","protected":false},"author":32,"featured_media":0,"comment_status":"open","ping_status":"closed","sticky":false,"template":"","format":"standard","meta":{"jetpack_post_was_ever_published":false,"_jetpack_newsletter_access":"","_jetpack_dont_email_post_to_subs":false,"_jetpack_newsletter_tier_id":0,"_jetpack_memberships_contains_paywalled_content":false,"_jetpack_memberships_contains_paid_content":false,"footnotes":"","jetpack_publicize_message":"","jetpack_publicize_feature_enabled":true,"jetpack_social_post_already_shared":true,"jetpack_social_options":{"image_generator_settings":{"template":"highway","default_image_id":0,"font":"","enabled":false},"version":2}},"categories":[34],"tags":[],"class_list":["post-12460","post","type-post","status-publish","format-standard","hentry","category-u13-d1"],"jetpack_publicize_connections":[],"jetpack_featured_media_url":"","jetpack_shortlink":"https:\/\/wp.me\/p2ZUr0-3eY","jetpack_sharing_enabled":true,"_links":{"self":[{"href":"https:\/\/www.djk-erlangen.de\/fussball\/index.php?rest_route=\/wp\/v2\/posts\/12460","targetHints":{"allow":["GET"]}}],"collection":[{"href":"https:\/\/www.djk-erlangen.de\/fussball\/index.php?rest_route=\/wp\/v2\/posts"}],"about":[{"href":"https:\/\/www.djk-erlangen.de\/fussball\/index.php?rest_route=\/wp\/v2\/types\/post"}],"author":[{"embeddable":true,"href":"https:\/\/www.djk-erlangen.de\/fussball\/index.php?rest_route=\/wp\/v2\/users\/32"}],"replies":[{"embeddable":true,"href":"https:\/\/www.djk-erlangen.de\/fussball\/index.php?rest_route=%2Fwp%2Fv2%2Fcomments&post=12460"}],"version-history":[{"count":1,"href":"https:\/\/www.djk-erlangen.de\/fussball\/index.php?rest_route=\/wp\/v2\/posts\/12460\/revisions"}],"predecessor-version":[{"id":12462,"href":"https:\/\/www.djk-erlangen.de\/fussball\/index.php?rest_route=\/wp\/v2\/posts\/12460\/revisions\/12462"}],"wp:attachment":[{"href":"https:\/\/www.djk-erlangen.de\/fussball\/index.php?rest_route=%2Fwp%2Fv2%2Fmedia&parent=12460"}],"wp:term":[{"taxonomy":"category","embeddable":true,"href":"https:\/\/www.djk-erlangen.de\/fussball\/index.php?rest_route=%2Fwp%2Fv2%2Fcategories&post=12460"},{"taxonomy":"post_tag","embeddable":true,"href":"https:\/\/www.djk-erlangen.de\/fussball\/index.php?rest_route=%2Fwp%2Fv2%2Ftags&post=12460"}],"curies":[{"name":"wp","href":"https:\/\/api.w.org\/{rel}","templated":true}]}}