{"id":12415,"date":"2014-12-30T22:23:00","date_gmt":"2014-12-30T21:23:00","guid":{"rendered":"http:\/\/www.djk-erlangen.de\/fussball\/?p=12415"},"modified":"2014-12-30T22:29:00","modified_gmt":"2014-12-30T21:29:00","slug":"happy-new-year-2","status":"publish","type":"post","link":"https:\/\/www.djk-erlangen.de\/fussball\/?p=12415","title":{"rendered":"Happy New Year"},"content":{"rendered":"<p>Die D1 Jugend der DJK w\u00fcnscht allen Verantwortlichen im Verein, allen voran der Vorstandschaft, Eltern, G\u00f6nnern, Sponsoren und unserem unglaublichen Trainerteam einen guten Rutsch ins Neue Jahr 2015.<\/p>\n<p><!--more--><a href=\"http:\/\/www.djk-erlangen.de\/fussball\/wp-content\/uploads\/2014\/12\/20121229silvester01.jpg\"><img loading=\"lazy\" decoding=\"async\" class=\"aligncenter size-medium wp-image-12417\" src=\"http:\/\/www.djk-erlangen.de\/fussball\/wp-content\/uploads\/2014\/12\/20121229silvester01-300x200.jpg\" alt=\"Silvester\" width=\"300\" height=\"200\" srcset=\"https:\/\/www.djk-erlangen.de\/fussball\/wp-content\/uploads\/2014\/12\/20121229silvester01-300x200.jpg 300w, https:\/\/www.djk-erlangen.de\/fussball\/wp-content\/uploads\/2014\/12\/20121229silvester01-150x100.jpg 150w, https:\/\/www.djk-erlangen.de\/fussball\/wp-content\/uploads\/2014\/12\/20121229silvester01.jpg 391w\" sizes=\"auto, (max-width: 300px) 100vw, 300px\" \/><\/a><\/p>\n<p><a href=\"http:\/\/www.djk-erlangen.de\/fussball\/wp-content\/uploads\/2014\/12\/silvester2015-620.jpg\"><img loading=\"lazy\" decoding=\"async\" class=\"aligncenter size-medium wp-image-12416\" src=\"http:\/\/www.djk-erlangen.de\/fussball\/wp-content\/uploads\/2014\/12\/silvester2015-620-300x130.jpg\" alt=\"silvester2015-620\" width=\"300\" height=\"130\" srcset=\"https:\/\/www.djk-erlangen.de\/fussball\/wp-content\/uploads\/2014\/12\/silvester2015-620-300x130.jpg 300w, https:\/\/www.djk-erlangen.de\/fussball\/wp-content\/uploads\/2014\/12\/silvester2015-620-150x65.jpg 150w, https:\/\/www.djk-erlangen.de\/fussball\/wp-content\/uploads\/2014\/12\/silvester2015-620.jpg 620w\" sizes=\"auto, (max-width: 300px) 100vw, 300px\" \/><\/a><\/p>\n<p>&nbsp;<\/p>\n<p>Wir freuen uns auf eine erfolgreiche Saison ab dem Fr\u00fchjahr 2015! We are ready to rumble! Rainer und Matze wir hoffen Ihr seit bereit f\u00fcr den n\u00e4chsten Schritt!<\/p>\n","protected":false},"excerpt":{"rendered":"<p>Die D1 Jugend der DJK w\u00fcnscht allen Verantwortlichen im Verein, allen voran der Vorstandschaft, Eltern, G\u00f6nnern, Sponsoren und unserem unglaublichen Trainerteam einen guten Rutsch ins Neue Jahr 2015.<\/p>\n","protected":false},"author":32,"featured_media":0,"comment_status":"open","ping_status":"closed","sticky":false,"template":"","format":"standard","meta":{"jetpack_post_was_ever_published":false,"_jetpack_newsletter_access":"","_jetpack_dont_email_post_to_subs":false,"_jetpack_newsletter_tier_id":0,"_jetpack_memberships_contains_paywalled_content":false,"_jetpack_memberships_contains_paid_content":false,"footnotes":"","jetpack_publicize_message":"","jetpack_publicize_feature_enabled":true,"jetpack_social_post_already_shared":true,"jetpack_social_options":{"image_generator_settings":{"template":"highway","default_image_id":0,"font":"","enabled":false},"version":2}},"categories":[1,34],"tags":[],"class_list":["post-12415","post","type-post","status-publish","format-standard","hentry","category-allgemein","category-u13-d1"],"jetpack_publicize_connections":[],"jetpack_featured_media_url":"","jetpack_shortlink":"https:\/\/wp.me\/p2ZUr0-3ef","jetpack_sharing_enabled":true,"_links":{"self":[{"href":"https:\/\/www.djk-erlangen.de\/fussball\/index.php?rest_route=\/wp\/v2\/posts\/12415","targetHints":{"allow":["GET"]}}],"collection":[{"href":"https:\/\/www.djk-erlangen.de\/fussball\/index.php?rest_route=\/wp\/v2\/posts"}],"about":[{"href":"https:\/\/www.djk-erlangen.de\/fussball\/index.php?rest_route=\/wp\/v2\/types\/post"}],"author":[{"embeddable":true,"href":"https:\/\/www.djk-erlangen.de\/fussball\/index.php?rest_route=\/wp\/v2\/users\/32"}],"replies":[{"embeddable":true,"href":"https:\/\/www.djk-erlangen.de\/fussball\/index.php?rest_route=%2Fwp%2Fv2%2Fcomments&post=12415"}],"version-history":[{"count":3,"href":"https:\/\/www.djk-erlangen.de\/fussball\/index.php?rest_route=\/wp\/v2\/posts\/12415\/revisions"}],"predecessor-version":[{"id":12420,"href":"https:\/\/www.djk-erlangen.de\/fussball\/index.php?rest_route=\/wp\/v2\/posts\/12415\/revisions\/12420"}],"wp:attachment":[{"href":"https:\/\/www.djk-erlangen.de\/fussball\/index.php?rest_route=%2Fwp%2Fv2%2Fmedia&parent=12415"}],"wp:term":[{"taxonomy":"category","embeddable":true,"href":"https:\/\/www.djk-erlangen.de\/fussball\/index.php?rest_route=%2Fwp%2Fv2%2Fcategories&post=12415"},{"taxonomy":"post_tag","embeddable":true,"href":"https:\/\/www.djk-erlangen.de\/fussball\/index.php?rest_route=%2Fwp%2Fv2%2Ftags&post=12415"}],"curies":[{"name":"wp","href":"https:\/\/api.w.org\/{rel}","templated":true}]}}