{"id":12406,"date":"2014-11-26T20:38:11","date_gmt":"2014-11-26T19:38:11","guid":{"rendered":"http:\/\/www.djk-erlangen.de\/fussball\/?p=12406"},"modified":"2014-11-26T23:28:15","modified_gmt":"2014-11-26T22:28:15","slug":"testspiel-zum-saisonabschluss","status":"publish","type":"post","link":"https:\/\/www.djk-erlangen.de\/fussball\/?p=12406","title":{"rendered":"Testspiel zum Saisonabschlu\u00df"},"content":{"rendered":"<p>Am heutigen Mittwoch bestritt die D1 zum Saisonabschlu\u00df noch ein Testspiel beim ATSV Erlangen im ungewohnten Format 11 gegen 11. Dies sollte auch gleich mal ein Pr\u00fcfstein f\u00fcr die \u00fcbern\u00e4chste Saison sein.<br \/>\n<!--more--><\/p>\n<p>Auch wurden zahlreiche Spieler eingesetzt welche in der abgelaufenen Spielzeit nicht soviel Einsatzzeit im Regelspielbetrieb hatten und nat\u00fcrlich auch einige andere Spieler welche getestet wurden. Leider mu\u00dften wir aus schulischen Gr\u00fcnden auf den einen oder anderen Leistungstr\u00e4ger im Vorfeld verzichten. Trotz da\u00df fast alle Mannschaftsteile erheblich durcheinander gewirbelt wurden und auch ein v\u00f6llig neues System gespielt wurde, entwickelte sich ein recht ansehnliches Spiel, in dem wir schnell in F\u00fchrung gingen. Im Verlauf der Begegnung konnten wir unsere Feld\u00fcberlegenheit weiter nutzen und kamen zu\u00a0 weiteren Treffern. Auch die Hausherren spielten phasenweise recht ansehnlich und zeigten ab und an welches Potential in dieser extrem jungen Mannschaft steckt.<\/p>\n<p>Auch im zweiten Spielabschnitt konnten wir das Match kontrollieren und kamen noch zu dem einen oder anderen Treffer. Phasenweise waren bei den Wiesenwegbuben auch nur die ganz jungen auf dem Platz und diese f\u00fchrten sich nach einer gewissen Anfangsnervosit\u00e4t recht ordentlich in das Mannschaftsgef\u00fcge ein. So ging man letztendlich auch verdient als Sieger vom Feld und bei einer weiter anhaltenden akribischen Arbeit in den w\u00f6chentlichen Trainingseinheiten kann hier eine ganz tolle b\u00e4renstarke Truppe heranwachsen. Zumal wir durch die wahrscheinlichen Neuzug\u00e4nge endlich auch mehr Qualit\u00e4t dazu bekommen werden.<\/p>\n<p>An dieser Stelle unser herzlicher Dank an Thomas Kurz und sein Team vom ATSV f\u00fcr die spontane Umsetzung dieses Testspiels. Jetzt freuen wir uns auf die Winterpause und unsere \u00fcberf\u00e4llige Meisterschaftsfeier, bevor es dann wieder gilt<br \/>\n&#8222;Volle Fahrt voraus&#8220; mit neuen Zielen vor Augen.<\/p>\n<p>DJK Aufgebot:<br \/>\nLuis; Daniel; Luca; Yannick; Lorenz; Konstantin; Bendedikt; Ben; Arijan; Timm; Flo; Lasse; Felix<\/p>\n","protected":false},"excerpt":{"rendered":"<p>Am heutigen Mittwoch bestritt die D1 zum Saisonabschlu\u00df noch ein Testspiel beim ATSV Erlangen im ungewohnten Format 11 gegen 11. Dies sollte auch gleich mal ein Pr\u00fcfstein f\u00fcr die \u00fcbern\u00e4chste Saison sein.<\/p>\n","protected":false},"author":32,"featured_media":0,"comment_status":"open","ping_status":"closed","sticky":false,"template":"","format":"standard","meta":{"jetpack_post_was_ever_published":false,"_jetpack_newsletter_access":"","_jetpack_dont_email_post_to_subs":false,"_jetpack_newsletter_tier_id":0,"_jetpack_memberships_contains_paywalled_content":false,"_jetpack_memberships_contains_paid_content":false,"footnotes":"","jetpack_publicize_message":"","jetpack_publicize_feature_enabled":true,"jetpack_social_post_already_shared":true,"jetpack_social_options":{"image_generator_settings":{"template":"highway","default_image_id":0,"font":"","enabled":false},"version":2}},"categories":[34],"tags":[],"class_list":["post-12406","post","type-post","status-publish","format-standard","hentry","category-u13-d1"],"jetpack_publicize_connections":[],"jetpack_featured_media_url":"","jetpack_shortlink":"https:\/\/wp.me\/p2ZUr0-3e6","jetpack_sharing_enabled":true,"_links":{"self":[{"href":"https:\/\/www.djk-erlangen.de\/fussball\/index.php?rest_route=\/wp\/v2\/posts\/12406","targetHints":{"allow":["GET"]}}],"collection":[{"href":"https:\/\/www.djk-erlangen.de\/fussball\/index.php?rest_route=\/wp\/v2\/posts"}],"about":[{"href":"https:\/\/www.djk-erlangen.de\/fussball\/index.php?rest_route=\/wp\/v2\/types\/post"}],"author":[{"embeddable":true,"href":"https:\/\/www.djk-erlangen.de\/fussball\/index.php?rest_route=\/wp\/v2\/users\/32"}],"replies":[{"embeddable":true,"href":"https:\/\/www.djk-erlangen.de\/fussball\/index.php?rest_route=%2Fwp%2Fv2%2Fcomments&post=12406"}],"version-history":[{"count":5,"href":"https:\/\/www.djk-erlangen.de\/fussball\/index.php?rest_route=\/wp\/v2\/posts\/12406\/revisions"}],"predecessor-version":[{"id":12411,"href":"https:\/\/www.djk-erlangen.de\/fussball\/index.php?rest_route=\/wp\/v2\/posts\/12406\/revisions\/12411"}],"wp:attachment":[{"href":"https:\/\/www.djk-erlangen.de\/fussball\/index.php?rest_route=%2Fwp%2Fv2%2Fmedia&parent=12406"}],"wp:term":[{"taxonomy":"category","embeddable":true,"href":"https:\/\/www.djk-erlangen.de\/fussball\/index.php?rest_route=%2Fwp%2Fv2%2Fcategories&post=12406"},{"taxonomy":"post_tag","embeddable":true,"href":"https:\/\/www.djk-erlangen.de\/fussball\/index.php?rest_route=%2Fwp%2Fv2%2Ftags&post=12406"}],"curies":[{"name":"wp","href":"https:\/\/api.w.org\/{rel}","templated":true}]}}