{"id":12363,"date":"2014-11-15T15:04:45","date_gmt":"2014-11-15T14:04:45","guid":{"rendered":"http:\/\/www.djk-erlangen.de\/fussball\/?p=12363"},"modified":"2014-11-16T09:09:41","modified_gmt":"2014-11-16T08:09:41","slug":"das-meisterstueck-ist-vollbracht","status":"publish","type":"post","link":"https:\/\/www.djk-erlangen.de\/fussball\/?p=12363","title":{"rendered":"Das Meisterst\u00fcck ist vollbracht"},"content":{"rendered":"<p>Zum letzten Spiel der Qualifikationsgruppe 2 f\u00fchrte uns heute der Weg zum aktuellen Tabellenf\u00fchrer dem TSV Marloffstein. Schon lange vor dem Anpfiff war bei den Wiesenwegbuben eine gewissen Nervosit\u00e4t zu sp\u00fcren. Leider war auch bei<br \/>\ndiesem Spiel der eingeteilte Referee (d.R.) einfach nicht erschienen.<br \/>\n<!--more--><\/p>\n<p>Die Jungs waren top eingestellt und gingen ab der 1. Spielminute hoch konzentriert zu Werke und \u00fcbernahmen sofort das Spielgeschehen auf dem Platz. Es entwickelte sich eine hochklassige Partie bei der wir uns die besseren Chancen erspielten.<br \/>\nSo konnten wir in der 15. Spielminute den kompakten Defensiv-Verbund der Hausherren durch einen klugen Pa\u00df von Konstantin aushebeln und Torj\u00e4ger Ari netzte zur verdienten F\u00fchrung f\u00fcr die Wiesenwegbuben ein. Bis zur Pause mu\u00dften wir uns<br \/>\ndann noch st\u00fcrmischen Angriffen erwehren. Diese wurden aber allesamt duch unseren Turm in der Schlacht Oliver unterbunden. Er hat heute erneut wieder mal bewiesen wie wichtig unser Capitano f\u00fcr die Mannschaft ist. So ging man mit dieser knappen aber vom Spielverlauf her verdienten F\u00fchrung in die Pause.<\/p>\n<p>Auch im zweiten Spielabschnitt hatten wir die st\u00fcrmisch angreifenden Marloffsteiner zu jeder Zeit im Griff und erarbeiteten uns erneut gute Chancen. Man h\u00e4tte fr\u00fchzeitig eine Vorentscheidung erzwingen k\u00f6nnen, wenn wir bei Abschlu\u00df etwas konsequenter gewesen w\u00e4ren. Erst ein Freisto\u00df von unserem Arbeitstier Konstantin in der 45. Spielminute sorgte nicht nur bei den Spielern sondern auch bei den zahlreich mitgereisten Fans f\u00fcr Erleichterung. Denn der stramme Schu\u00df konnte nur<br \/>\nabgef\u00e4scht werden und landete unhaltbar im Geh\u00e4use der Gastgeber. Mit diesem 2:0 Vorsprung machte sich etwas Resigantion bei den Hausherren breit. Auch eine Systemumstellung &#8211; alle Mann nach vorne &#8211; brachte nichts z\u00e4hlbares mehr. Kamen die<br \/>\nTSV\u00b4ler mal vor unser Tor war stets unser W\u00e4chter des Geh\u00e4uses Luis zur Stelle und vereitelte die Einschu\u00dfm\u00f6glichkeiten.\u00a0 F\u00fcr den Schlu\u00dfpunkt 5 Minuten vor Schlu\u00df sorgte dann Ben, der nach einer Ecke von Oliver goldrichtig am langen Pfosten stand und zum 3:0 f\u00fcr die Weichbuben einschieben konnte.<\/p>\n<p>In der verbleibenden Spielzeit verwalteten wir den Vorsprung und nach dem Abfiff kannte der Jubel keine Grenzen mehr. Denn mit diesem verdienten Ausw\u00e4rtsdreier zogen wir an dem bisherigen ungeschlagenen Tabellenf\u00fchrer vorbei und sicherten uns somit am letzten Spieltag die Meisterschaft in der Qualirunde.<\/p>\n<p>Somit war das Meisterst\u00fcck vollbracht und die Jungs belohnten sich f\u00fcr eine absolut tolle Saison.\u00a0 Die meisten Treffer erzielt und die wenigsten kassiert. Die Tordifferenz von +46 spricht eine eigene Sprache.<br \/>\nJetzt gilt es diesen Schwung im Fr\u00fchjahr mit in die Aufstiegsrunde zu nehmen.<\/p>\n<p>DJK Aufgebot:<br \/>\nLuis; Tim; Daniel; Ali-Alex; Oliver; Lorenz; Konstantin; Benedikt; Ben; Arijan; Florian; Lasse<\/p>\n<p>DJK Tore:<br \/>\nArijan (1); Ben (1); Konstantin (1)<\/p>\n","protected":false},"excerpt":{"rendered":"<p>Zum letzten Spiel der Qualifikationsgruppe 2 f\u00fchrte uns heute der Weg zum aktuellen Tabellenf\u00fchrer dem TSV Marloffstein. Schon lange vor dem Anpfiff war bei den Wiesenwegbuben eine gewissen Nervosit\u00e4t zu sp\u00fcren. Leider war auch bei diesem Spiel der eingeteilte Referee &hellip; <a href=\"https:\/\/www.djk-erlangen.de\/fussball\/?p=12363\">Weiterlesen <span class=\"meta-nav\">&rarr;<\/span><\/a><\/p>\n","protected":false},"author":32,"featured_media":0,"comment_status":"open","ping_status":"closed","sticky":false,"template":"","format":"standard","meta":{"jetpack_post_was_ever_published":false,"_jetpack_newsletter_access":"","_jetpack_dont_email_post_to_subs":false,"_jetpack_newsletter_tier_id":0,"_jetpack_memberships_contains_paywalled_content":false,"_jetpack_memberships_contains_paid_content":false,"footnotes":"","jetpack_publicize_message":"","jetpack_publicize_feature_enabled":true,"jetpack_social_post_already_shared":true,"jetpack_social_options":{"image_generator_settings":{"template":"highway","default_image_id":0,"font":"","enabled":false},"version":2}},"categories":[34],"tags":[],"class_list":["post-12363","post","type-post","status-publish","format-standard","hentry","category-u13-d1"],"jetpack_publicize_connections":[],"jetpack_featured_media_url":"","jetpack_shortlink":"https:\/\/wp.me\/p2ZUr0-3dp","jetpack_sharing_enabled":true,"_links":{"self":[{"href":"https:\/\/www.djk-erlangen.de\/fussball\/index.php?rest_route=\/wp\/v2\/posts\/12363","targetHints":{"allow":["GET"]}}],"collection":[{"href":"https:\/\/www.djk-erlangen.de\/fussball\/index.php?rest_route=\/wp\/v2\/posts"}],"about":[{"href":"https:\/\/www.djk-erlangen.de\/fussball\/index.php?rest_route=\/wp\/v2\/types\/post"}],"author":[{"embeddable":true,"href":"https:\/\/www.djk-erlangen.de\/fussball\/index.php?rest_route=\/wp\/v2\/users\/32"}],"replies":[{"embeddable":true,"href":"https:\/\/www.djk-erlangen.de\/fussball\/index.php?rest_route=%2Fwp%2Fv2%2Fcomments&post=12363"}],"version-history":[{"count":5,"href":"https:\/\/www.djk-erlangen.de\/fussball\/index.php?rest_route=\/wp\/v2\/posts\/12363\/revisions"}],"predecessor-version":[{"id":12369,"href":"https:\/\/www.djk-erlangen.de\/fussball\/index.php?rest_route=\/wp\/v2\/posts\/12363\/revisions\/12369"}],"wp:attachment":[{"href":"https:\/\/www.djk-erlangen.de\/fussball\/index.php?rest_route=%2Fwp%2Fv2%2Fmedia&parent=12363"}],"wp:term":[{"taxonomy":"category","embeddable":true,"href":"https:\/\/www.djk-erlangen.de\/fussball\/index.php?rest_route=%2Fwp%2Fv2%2Fcategories&post=12363"},{"taxonomy":"post_tag","embeddable":true,"href":"https:\/\/www.djk-erlangen.de\/fussball\/index.php?rest_route=%2Fwp%2Fv2%2Ftags&post=12363"}],"curies":[{"name":"wp","href":"https:\/\/api.w.org\/{rel}","templated":true}]}}