{"id":12356,"date":"2014-11-09T22:12:36","date_gmt":"2014-11-09T21:12:36","guid":{"rendered":"http:\/\/www.djk-erlangen.de\/fussball\/?p=12356"},"modified":"2014-11-11T23:19:13","modified_gmt":"2014-11-11T22:19:13","slug":"b-junioren-zurueck-in-der-erfolgsspur","status":"publish","type":"post","link":"https:\/\/www.djk-erlangen.de\/fussball\/?p=12356","title":{"rendered":"B-Junioren zur\u00fcck in der Erfolgsspur"},"content":{"rendered":"<p><span style=\"color: #232323; line-height: 115%; font-family: 'Arial','sans-serif'; font-size: 9pt;\">Nachdem unter der Woche im Flutlichtspiel zu Hause gegen den Tabellenf\u00fchrer SG Siemens souver\u00e4n 2:0 gewonnen wurde, f\u00fchrte die Reise dieses Wochenende zur JFG Ebrach Aisch.<\/span><!--more--><!--more--><\/p>\n<p><span style=\"color: #232323; line-height: 115%; font-family: 'Arial','sans-serif'; font-size: 9pt;\">Etwas verunsichert trat die Mannschaft die Reise\u00a0wegen zahlreicher Ausf\u00e4lle zum Tabellenzweiten an. Aber von Anfang an wollten die DJK Jungs zeigen was sie drauf haben. \u00dcber den Kampf und intensiven Einsatz kamen die Jungs von Uwe und Thomas schnell zu Chancen und erspielten und erk\u00e4mpften sich ein gerechtes 2:2 Unentschieden.<\/span><\/p>\n<p><span style=\"color: #232323; line-height: 115%; font-family: 'Arial','sans-serif'; font-size: 9pt;\">Jungs macht weiter so. Das wird noch eine erfolgreiche Saison.<\/span><\/p>\n<p><span style=\"color: #232323; line-height: 115%; font-family: 'Arial','sans-serif'; font-size: 9pt;\">Super was das Verhalten der beiden Fanlager, welche\u00a0beide Mannschaften f\u00fcr Ihre Aktionen\u00a0 mit viel Applaus unterst\u00fctzen. <\/span><\/p>\n<p>&nbsp;<\/p>\n<p>&nbsp;<\/p>\n","protected":false},"excerpt":{"rendered":"<p>Nachdem unter der Woche im Flutlichtspiel zu Hause gegen den Tabellenf\u00fchrer SG Siemens souver\u00e4n 2:0 gewonnen wurde, f\u00fchrte die Reise dieses Wochenende zur JFG Ebrach Aisch.<\/p>\n","protected":false},"author":9,"featured_media":0,"comment_status":"open","ping_status":"closed","sticky":false,"template":"","format":"standard","meta":{"jetpack_post_was_ever_published":false,"_jetpack_newsletter_access":"","_jetpack_dont_email_post_to_subs":false,"_jetpack_newsletter_tier_id":0,"_jetpack_memberships_contains_paywalled_content":false,"_jetpack_memberships_contains_paid_content":false,"footnotes":"","jetpack_publicize_message":"","jetpack_publicize_feature_enabled":true,"jetpack_social_post_already_shared":true,"jetpack_social_options":{"image_generator_settings":{"template":"highway","default_image_id":0,"font":"","enabled":false},"version":2}},"categories":[1,12],"tags":[],"class_list":["post-12356","post","type-post","status-publish","format-standard","hentry","category-allgemein","category-u17"],"jetpack_publicize_connections":[],"jetpack_featured_media_url":"","jetpack_shortlink":"https:\/\/wp.me\/p2ZUr0-3di","jetpack_sharing_enabled":true,"_links":{"self":[{"href":"https:\/\/www.djk-erlangen.de\/fussball\/index.php?rest_route=\/wp\/v2\/posts\/12356","targetHints":{"allow":["GET"]}}],"collection":[{"href":"https:\/\/www.djk-erlangen.de\/fussball\/index.php?rest_route=\/wp\/v2\/posts"}],"about":[{"href":"https:\/\/www.djk-erlangen.de\/fussball\/index.php?rest_route=\/wp\/v2\/types\/post"}],"author":[{"embeddable":true,"href":"https:\/\/www.djk-erlangen.de\/fussball\/index.php?rest_route=\/wp\/v2\/users\/9"}],"replies":[{"embeddable":true,"href":"https:\/\/www.djk-erlangen.de\/fussball\/index.php?rest_route=%2Fwp%2Fv2%2Fcomments&post=12356"}],"version-history":[{"count":3,"href":"https:\/\/www.djk-erlangen.de\/fussball\/index.php?rest_route=\/wp\/v2\/posts\/12356\/revisions"}],"predecessor-version":[{"id":12359,"href":"https:\/\/www.djk-erlangen.de\/fussball\/index.php?rest_route=\/wp\/v2\/posts\/12356\/revisions\/12359"}],"wp:attachment":[{"href":"https:\/\/www.djk-erlangen.de\/fussball\/index.php?rest_route=%2Fwp%2Fv2%2Fmedia&parent=12356"}],"wp:term":[{"taxonomy":"category","embeddable":true,"href":"https:\/\/www.djk-erlangen.de\/fussball\/index.php?rest_route=%2Fwp%2Fv2%2Fcategories&post=12356"},{"taxonomy":"post_tag","embeddable":true,"href":"https:\/\/www.djk-erlangen.de\/fussball\/index.php?rest_route=%2Fwp%2Fv2%2Ftags&post=12356"}],"curies":[{"name":"wp","href":"https:\/\/api.w.org\/{rel}","templated":true}]}}