{"id":12328,"date":"2014-11-02T14:06:14","date_gmt":"2014-11-02T13:06:14","guid":{"rendered":"http:\/\/www.djk-erlangen.de\/fussball\/?p=12328"},"modified":"2014-11-02T14:22:49","modified_gmt":"2014-11-02T13:22:49","slug":"sondertraining-mit-fussballstars","status":"publish","type":"post","link":"https:\/\/www.djk-erlangen.de\/fussball\/?p=12328","title":{"rendered":"Sondertraining mit Fu\u00dfballstars"},"content":{"rendered":"<p>Am gestrigen 01. November war es endlich soweit. Bei bestem Wetter und herrlichem Sonnenschein trafen sich die\u00a0 Spieler der D-1 Jugend am vormittag zu einem Sondertraining.<br \/>\nAuf Einladung von Peter Groner kamen extra f\u00fcr die Jungs Bernhard Winkler der ehemalige Bundesligaspieler und Torj\u00e4ger vom TSV 1860 M\u00fcnchen und dem 1. FC Kaiserslautern<br \/>\nsowie der ehmalige Club und Schalke Profi J\u00fcrgen T\u00e4uber aus M\u00fcnchen zu uns an den Wiesengrund gereist.<\/p>\n<p><!--more--><\/p>\n<p>Nach einer kurzen intensiven Aufw\u00e4rm- und Kennenlernphase ging es auch schon los mit der Sondereinheit. Hier wurde neben den Schwerpunkten Koordination und Ballgef\u00fchl auch die<br \/>\nspielerischen Akzente geschult. Alle Jungs waren mit gro\u00dfem Eifer bei der Sache. Zum Schlu\u00df der gut 95 min\u00fctigen Einheit gab es dann noch ein Spielchen bei dem auch die beiden Exprofis<br \/>\nihr K\u00f6nnen unter Beweis stellten. Zur Aufbesserung der Mannschaftskasse fand vor der Mittagspause noch ein Elfmeterschie\u00dfen statt.<\/p>\n<p>Beim gemeinsamen Mittagessen in der Ristobar wurde sich dann von der anstrengenden Einheit auf dem Platz erholt . Nach der Pause hielt dann Bernhard Winkler noch einen interessanten<br \/>\nFachvortrag mit einigen Fallbeispielen \u00fcber\u00a0 Life Kinetik auf der sonnendurchfluteten Terrasse.<\/p>\n<p>Was ist Life Kinetik wird sich jetzt der eine andere fragen! Life Kinetik nutzt dem K\u00f6rper, um die Reserven des Gehirns zu entfalten. Da dieses Training k\u00f6rperlich kaum belastend ist, unterst\u00fctztes jeden, egal welchen Alters und Fitnessgrads bei seiner pers\u00f6nlichen Entwicklung. Bereits eine Stunde pro Woche gen\u00fcgt, um schon nach kurzer Zeit die ersten Ver\u00e4nderungen zu erkennen. Viele ehemalige und aktive Hochleistungssportler aus den Bereichen Ski Alpin, Biathlon, Fu\u00dfball, Handball, Eishockey, Skispringen oder Golf wenden Life Kinetik erfolgreich an! Entgegen den sonstigen Gepflogenheiten im Sport ist bei dieser Trainingsform nicht die Automatisierung von Bewegungen und Bewegungsabl\u00e4ufen das Ziel, sondern eine Steigerung der Handlungsm\u00f6glichkeiten in verschiedenen Situationen. Deshalb ist es sehr wichtig, neue Bahnungen, die durch die Bewegungsherausforderung geschaffen wurden, nicht so lange zu vertiefen, bis sie nur noch f\u00fcr eine einzige auswendig gelernte Bewegung zur Verf\u00fcgung stehen. Vielmehr sollte bereits beim Erkennen der Grobform die n\u00e4chste Schwierigkeitsstufe als neue Herausforderung dienen.<\/p>\n<p><a href=\"http:\/\/www.djk-erlangen.de\/fussball\/wp-content\/uploads\/2014\/11\/DSC_3042-Kopie.jpg\"><img loading=\"lazy\" decoding=\"async\" class=\"aligncenter size-medium wp-image-12332\" src=\"http:\/\/www.djk-erlangen.de\/fussball\/wp-content\/uploads\/2014\/11\/DSC_3042-Kopie-300x198.jpg\" alt=\"DSC_3042 - Kopie\" width=\"300\" height=\"198\" srcset=\"https:\/\/www.djk-erlangen.de\/fussball\/wp-content\/uploads\/2014\/11\/DSC_3042-Kopie-300x198.jpg 300w, https:\/\/www.djk-erlangen.de\/fussball\/wp-content\/uploads\/2014\/11\/DSC_3042-Kopie-150x99.jpg 150w, https:\/\/www.djk-erlangen.de\/fussball\/wp-content\/uploads\/2014\/11\/DSC_3042-Kopie.jpg 448w\" sizes=\"auto, (max-width: 300px) 100vw, 300px\" \/><\/a><a href=\"http:\/\/www.djk-erlangen.de\/fussball\/wp-content\/uploads\/2014\/11\/DSC_3323-Kopie.jpg\"><img loading=\"lazy\" decoding=\"async\" class=\"aligncenter size-medium wp-image-12333\" src=\"http:\/\/www.djk-erlangen.de\/fussball\/wp-content\/uploads\/2014\/11\/DSC_3323-Kopie-300x198.jpg\" alt=\"DSC_3323 - Kopie\" width=\"300\" height=\"198\" srcset=\"https:\/\/www.djk-erlangen.de\/fussball\/wp-content\/uploads\/2014\/11\/DSC_3323-Kopie-300x198.jpg 300w, https:\/\/www.djk-erlangen.de\/fussball\/wp-content\/uploads\/2014\/11\/DSC_3323-Kopie-150x99.jpg 150w, https:\/\/www.djk-erlangen.de\/fussball\/wp-content\/uploads\/2014\/11\/DSC_3323-Kopie.jpg 448w\" sizes=\"auto, (max-width: 300px) 100vw, 300px\" \/><\/a><a href=\"http:\/\/www.djk-erlangen.de\/fussball\/wp-content\/uploads\/2014\/11\/DSC_3323-Kopie.jpg\"><img loading=\"lazy\" decoding=\"async\" class=\"aligncenter size-medium wp-image-12334\" src=\"http:\/\/www.djk-erlangen.de\/fussball\/wp-content\/uploads\/2014\/11\/IMG_1830-Kopie-300x224.jpg\" alt=\"IMG_1830 - Kopie\" width=\"300\" height=\"224\" srcset=\"https:\/\/www.djk-erlangen.de\/fussball\/wp-content\/uploads\/2014\/11\/IMG_1830-Kopie-300x224.jpg 300w, https:\/\/www.djk-erlangen.de\/fussball\/wp-content\/uploads\/2014\/11\/IMG_1830-Kopie-150x112.jpg 150w, https:\/\/www.djk-erlangen.de\/fussball\/wp-content\/uploads\/2014\/11\/IMG_1830-Kopie.jpg 448w\" sizes=\"auto, (max-width: 300px) 100vw, 300px\" \/><\/a><\/p>\n<p>&nbsp;<\/p>\n<p>&nbsp;<\/p>\n<p>Gegen 14:45 Uhr war dann dieser Fu\u00dfballvormittag beendet und alle Beteiligten konnten zufrieden die Heimreise antreten. An dieser Stelle nochmals unser Dank an Peter Groner f\u00fcr diesen tollen Event. Es hat allen richtig Spa\u00df gemacht.<\/p>\n","protected":false},"excerpt":{"rendered":"<p>Am gestrigen 01. November war es endlich soweit. Bei bestem Wetter und herrlichem Sonnenschein trafen sich die\u00a0 Spieler der D-1 Jugend am vormittag zu einem Sondertraining. Auf Einladung von Peter Groner kamen extra f\u00fcr die Jungs Bernhard Winkler der ehemalige &hellip; <a href=\"https:\/\/www.djk-erlangen.de\/fussball\/?p=12328\">Weiterlesen <span class=\"meta-nav\">&rarr;<\/span><\/a><\/p>\n","protected":false},"author":32,"featured_media":0,"comment_status":"open","ping_status":"closed","sticky":false,"template":"","format":"standard","meta":{"jetpack_post_was_ever_published":false,"_jetpack_newsletter_access":"","_jetpack_dont_email_post_to_subs":false,"_jetpack_newsletter_tier_id":0,"_jetpack_memberships_contains_paywalled_content":false,"_jetpack_memberships_contains_paid_content":false,"footnotes":"","jetpack_publicize_message":"","jetpack_publicize_feature_enabled":true,"jetpack_social_post_already_shared":true,"jetpack_social_options":{"image_generator_settings":{"template":"highway","default_image_id":0,"font":"","enabled":false},"version":2}},"categories":[34],"tags":[],"class_list":["post-12328","post","type-post","status-publish","format-standard","hentry","category-u13-d1"],"jetpack_publicize_connections":[],"jetpack_featured_media_url":"","jetpack_shortlink":"https:\/\/wp.me\/p2ZUr0-3cQ","jetpack_sharing_enabled":true,"_links":{"self":[{"href":"https:\/\/www.djk-erlangen.de\/fussball\/index.php?rest_route=\/wp\/v2\/posts\/12328","targetHints":{"allow":["GET"]}}],"collection":[{"href":"https:\/\/www.djk-erlangen.de\/fussball\/index.php?rest_route=\/wp\/v2\/posts"}],"about":[{"href":"https:\/\/www.djk-erlangen.de\/fussball\/index.php?rest_route=\/wp\/v2\/types\/post"}],"author":[{"embeddable":true,"href":"https:\/\/www.djk-erlangen.de\/fussball\/index.php?rest_route=\/wp\/v2\/users\/32"}],"replies":[{"embeddable":true,"href":"https:\/\/www.djk-erlangen.de\/fussball\/index.php?rest_route=%2Fwp%2Fv2%2Fcomments&post=12328"}],"version-history":[{"count":5,"href":"https:\/\/www.djk-erlangen.de\/fussball\/index.php?rest_route=\/wp\/v2\/posts\/12328\/revisions"}],"predecessor-version":[{"id":12339,"href":"https:\/\/www.djk-erlangen.de\/fussball\/index.php?rest_route=\/wp\/v2\/posts\/12328\/revisions\/12339"}],"wp:attachment":[{"href":"https:\/\/www.djk-erlangen.de\/fussball\/index.php?rest_route=%2Fwp%2Fv2%2Fmedia&parent=12328"}],"wp:term":[{"taxonomy":"category","embeddable":true,"href":"https:\/\/www.djk-erlangen.de\/fussball\/index.php?rest_route=%2Fwp%2Fv2%2Fcategories&post=12328"},{"taxonomy":"post_tag","embeddable":true,"href":"https:\/\/www.djk-erlangen.de\/fussball\/index.php?rest_route=%2Fwp%2Fv2%2Ftags&post=12328"}],"curies":[{"name":"wp","href":"https:\/\/api.w.org\/{rel}","templated":true}]}}