{"id":12309,"date":"2014-10-24T21:19:25","date_gmt":"2014-10-24T19:19:25","guid":{"rendered":"http:\/\/www.djk-erlangen.de\/fussball\/?p=12309"},"modified":"2014-10-24T21:22:42","modified_gmt":"2014-10-24T19:22:42","slug":"gelungener-start-in-die-wochen-der-wahrheit","status":"publish","type":"post","link":"https:\/\/www.djk-erlangen.de\/fussball\/?p=12309","title":{"rendered":"Gelungener Start in die Wochen der Wahrheit"},"content":{"rendered":"<p>Die Wochen der Wahrheit wurden f\u00fcr die D1 am heutigen Freitag mit dem Ausw\u00e4rtsspiel beim Tabellennachbarn SV Bubenreuth eingel\u00e4utet. Nachdem man letzte Woche wieder in die Erfolgsspur zur\u00fcckfand war es beim heutigen Spiel wichtig den kleinen Aufw\u00e4rtstrend fortzusetzen.<br \/>\n<!--more--><\/p>\n<p>Die Kabinenansprache vor dem Spiel durch Cheftrainer Rainer fand anscheinend Geh\u00f6r! Mit Spielbeginn war man hellwach und konnte sich den Angrifftorpedos der Hausherren bravour\u00f6s erwehren. Mit zunehmenden Spielverlauf ergriffen wir immer mehr die Initiative und kamen auch zu unseren Chancen. In der 13. Spielminute fa\u00dfte sich unser &#8222;Capitano&#8220; Oliver ein Herz und drosch aus gut und gerne 25 Metern den Ball auf des Gegners Tor. Dieser Sonntagsschu\u00df pa\u00dfte genau unter die Latte und sprang von dieser un\u00fcbersehbar ins Bubenreuther Geh\u00e4use. So stand es 0:1 f\u00fcr die Weichbuben!<br \/>\nDieses Tor sorgte bei den Hausherren f\u00fcr Verkrampfung und so durften wir nur 3. Minuten sp\u00e4ter erneut jubeln. Nach einer Ecke von Lorenz wurde das Spielger\u00e4t durch ein unhaltbares Eigentor in die Maschen bef\u00f6rdert.. Bis zur Pause erspielten sich beide Mannschaften noch die eine oder andere Torchance welche jedoch durch die engmaschige Defensive auf beiden Seiten keine Auswirkungen mehr hatte.<\/p>\n<p>Nachdem Wiederanpfiff entwickelte sich eine tolle und spannende Begegnung in der die Geigenbauer\u00a0 alles auf eine Karte setzten um das Spiel zu drehen. Clever machten wir die R\u00e4ume eng und lie\u00dfen den Gastgeber nicht weiter zur Entfaltung kommen. Vielmehr konnten wir mit unseren Kontern immer wieder f\u00fcr Gefahr vor dem gegnerischen Tor sorgen.\u00a0 In der 58. Minute tankte sich dann unser Flo auf der linken Au\u00dfenbahn durch und flankte den Ball von der Grundlinie in den Strafraum. Die Rettungsaktion mi\u00dfgl\u00fcckte v\u00f6llig und Bubenreuth entzauberte sich durch ein weiteres Eigentor\u00a0 fast in Eigenregie.<br \/>\nSomit ist uns der Start in die Wochen der Wahrheit eindrucksvoll gegl\u00fcckt und zur sicheren Teilnahme an der Aufstiegsrunde im Fr\u00fchjahr fehlt uns aus den verbleibenden 2 Spielen noch 1 Punkt. Nach der am heutigen Fr\u00fchabend gezeigten Leistung sollte aber auch die Meisterschaft in unserer Qualigruppe noch nicht ganz adacta gelegt werden.<\/p>\n<p>DJK Aufgebot:<br \/>\nLuis; Elias; Daniel; Ali-Alex; Oliver; Lorenz; Konstantin; Benedikt; Ben; Arijan; Timm; Florian; Lasse<\/p>\n<p>Tore:<br \/>\nOliver (1); ET (2)<\/p>\n","protected":false},"excerpt":{"rendered":"<p>Die Wochen der Wahrheit wurden f\u00fcr die D1 am heutigen Freitag mit dem Ausw\u00e4rtsspiel beim Tabellennachbarn SV Bubenreuth eingel\u00e4utet. Nachdem man letzte Woche wieder in die Erfolgsspur zur\u00fcckfand war es beim heutigen Spiel wichtig den kleinen Aufw\u00e4rtstrend fortzusetzen.<\/p>\n","protected":false},"author":32,"featured_media":0,"comment_status":"open","ping_status":"closed","sticky":false,"template":"","format":"standard","meta":{"jetpack_post_was_ever_published":false,"_jetpack_newsletter_access":"","_jetpack_dont_email_post_to_subs":false,"_jetpack_newsletter_tier_id":0,"_jetpack_memberships_contains_paywalled_content":false,"_jetpack_memberships_contains_paid_content":false,"footnotes":"","jetpack_publicize_message":"","jetpack_publicize_feature_enabled":true,"jetpack_social_post_already_shared":true,"jetpack_social_options":{"image_generator_settings":{"template":"highway","default_image_id":0,"font":"","enabled":false},"version":2}},"categories":[34],"tags":[],"class_list":["post-12309","post","type-post","status-publish","format-standard","hentry","category-u13-d1"],"jetpack_publicize_connections":[],"jetpack_featured_media_url":"","jetpack_shortlink":"https:\/\/wp.me\/p2ZUr0-3cx","jetpack_sharing_enabled":true,"_links":{"self":[{"href":"https:\/\/www.djk-erlangen.de\/fussball\/index.php?rest_route=\/wp\/v2\/posts\/12309","targetHints":{"allow":["GET"]}}],"collection":[{"href":"https:\/\/www.djk-erlangen.de\/fussball\/index.php?rest_route=\/wp\/v2\/posts"}],"about":[{"href":"https:\/\/www.djk-erlangen.de\/fussball\/index.php?rest_route=\/wp\/v2\/types\/post"}],"author":[{"embeddable":true,"href":"https:\/\/www.djk-erlangen.de\/fussball\/index.php?rest_route=\/wp\/v2\/users\/32"}],"replies":[{"embeddable":true,"href":"https:\/\/www.djk-erlangen.de\/fussball\/index.php?rest_route=%2Fwp%2Fv2%2Fcomments&post=12309"}],"version-history":[{"count":2,"href":"https:\/\/www.djk-erlangen.de\/fussball\/index.php?rest_route=\/wp\/v2\/posts\/12309\/revisions"}],"predecessor-version":[{"id":12311,"href":"https:\/\/www.djk-erlangen.de\/fussball\/index.php?rest_route=\/wp\/v2\/posts\/12309\/revisions\/12311"}],"wp:attachment":[{"href":"https:\/\/www.djk-erlangen.de\/fussball\/index.php?rest_route=%2Fwp%2Fv2%2Fmedia&parent=12309"}],"wp:term":[{"taxonomy":"category","embeddable":true,"href":"https:\/\/www.djk-erlangen.de\/fussball\/index.php?rest_route=%2Fwp%2Fv2%2Fcategories&post=12309"},{"taxonomy":"post_tag","embeddable":true,"href":"https:\/\/www.djk-erlangen.de\/fussball\/index.php?rest_route=%2Fwp%2Fv2%2Ftags&post=12309"}],"curies":[{"name":"wp","href":"https:\/\/api.w.org\/{rel}","templated":true}]}}