{"id":12287,"date":"2014-10-23T23:04:25","date_gmt":"2014-10-23T21:04:25","guid":{"rendered":"http:\/\/www.djk-erlangen.de\/fussball\/?p=12287"},"modified":"2014-10-23T23:04:25","modified_gmt":"2014-10-23T21:04:25","slug":"niederlage-zum-saisonabschluss","status":"publish","type":"post","link":"https:\/\/www.djk-erlangen.de\/fussball\/?p=12287","title":{"rendered":"Niederlage zum Saisonabschlu\u00df"},"content":{"rendered":"<p>Am heutigen Donnerstag, durfte die erneut neuformierte Mannschaft der D6 ihr letztes Spiel in der Herbstrunde bestreiten. Wir waren zu Gast beim SV Tennenlohe. Auch bei dieser Begegnung hatte die Mannschaft wegen zahlreicher Ausf\u00e4lle wieder ein ganz anderes Gesicht wie in den Wochen zuvor. Nat\u00fcrlich wollten wir auch dieses Spiel gewinnen.<br \/>\n<!--more--><br \/>\nJedoch haben wir die ersten 10 Spielminuten total verschlafen und der SVT konnte das Spielger\u00e4t nach belieben laufen lassen und erzielte in dieser Zeit auch 4 blitzsaubere Tore. Interimscoach Peter A. gefiel die Art und Weise der DJK Kicker \u00fcberhaupt nicht und stellte folgerichtig auch auf fast allen Positionen um. Diese Ver\u00e4nderungen taten der Mannschaft gut und man war etwas gefestigter in allen Mannschaftsteilen. So konnten wir bis zum Pausenpfiff zwar nichts z\u00e4hlbares mehr erarbeiten, aber auch keinen weiteren Gegentreffer hinnehmen.<\/p>\n<p>In der Halbszeitpause wurden dann die Defizite deutlich analysiert und weitere Korrekturen vorgenommen. Diese taten unserem Spiel in der zweiten H\u00e4lfte sichtbar gut, denn wir waren viel pr\u00e4senter auf dem Spielfeld zumal wir auch mit Paul welcher im ersten Spielabschnitt im Tor stand, deutlich mehr Offensivdrang entwickelten. Dies war auch ein Vorteil f\u00fcr unseren Dauerl\u00e4ufer Elias, der sich in der ersten Halbzeit f\u00f6rmlich aufarbeitete. So kamen wir durch die Mittelfeldachse Paul und Elias zu zahlreichen Torchancen, wovon 2 durch Konni zum 4:2 genutzt werden konnten.<br \/>\nIn der Folgezeit der Partie hatten wir zahlreiche Einschu\u00dfm\u00f6glichkeiten welche durch etwas mehr Mannschaftsdienlichkeit und \u00dcbersicht locker in eine F\u00fchrung f\u00fcr die DJK gewandelt h\u00e4tte werden k\u00f6nnte. Wie es so ist im Fu\u00dfball wurden wir daf\u00fcr bitterlich bestraft. Der SVT konnterte uns eiskalt aus und erh\u00f6hte auf 5:2! Irgendwie waren wir von dem erneuten Gegentreffer unbeeindruckt und Elias konnte postwendend auf 5:3 verk\u00fcrzen. Wir waren wieder dran, das Spiel zu drehen! Doch durch fehlendes Spielverst\u00e4ndnis einiger DJK Kicker bauten wir die Hausherren auf und diese konnten noch zwei weitere Treffer erzielen.<\/p>\n<p>Kurz vor Spielschlu\u00df war es dann Paul vorbehalten &#8211;\u00a0 nach sch\u00f6ner Kombination mit Elias und Konni &#8211; seine tolle Leistung sowohl als Torwart wie auch als Feldspieler mit einem Tor zu kr\u00f6nen. Leider ging dann unser letztes Spiel mit 7:4 verloren, was aber keinen Einflu\u00df mehr auf die erspielte Meisterschaft hatte. Hierzu nochmals unser herzlichster Gl\u00fcckwunsch!<\/p>\n<p>Fazit: Experiment gegl\u00fcckt &#8211; Wie es dann in der Fr\u00fchjahrsrunde weitergeht wird sich weisen. Hierzu werden sich alle Trainer der D-Jugendlichen in der Winterpause zusammensetzen! Fakt ist: Ohne Flei\u00df kein Preis!!!<\/p>\n<p>DJK Aufgebot:<br \/>\nPaul; Lukas H.; Lucas W.; Konni; Felix; Sebastian; Elias; Erik; David;<\/p>\n<p>Tore:<br \/>\nKonni (2); Elias (1); Paul (1)<\/p>\n","protected":false},"excerpt":{"rendered":"<p>Am heutigen Donnerstag, durfte die erneut neuformierte Mannschaft der D6 ihr letztes Spiel in der Herbstrunde bestreiten. Wir waren zu Gast beim SV Tennenlohe. Auch bei dieser Begegnung hatte die Mannschaft wegen zahlreicher Ausf\u00e4lle wieder ein ganz anderes Gesicht wie &hellip; <a href=\"https:\/\/www.djk-erlangen.de\/fussball\/?p=12287\">Weiterlesen <span class=\"meta-nav\">&rarr;<\/span><\/a><\/p>\n","protected":false},"author":32,"featured_media":0,"comment_status":"open","ping_status":"closed","sticky":false,"template":"","format":"standard","meta":{"jetpack_post_was_ever_published":false,"_jetpack_newsletter_access":"","_jetpack_dont_email_post_to_subs":false,"_jetpack_newsletter_tier_id":0,"_jetpack_memberships_contains_paywalled_content":false,"_jetpack_memberships_contains_paid_content":false,"footnotes":"","jetpack_publicize_message":"","jetpack_publicize_feature_enabled":true,"jetpack_social_post_already_shared":true,"jetpack_social_options":{"image_generator_settings":{"template":"highway","default_image_id":0,"font":"","enabled":false},"version":2}},"categories":[41],"tags":[],"class_list":["post-12287","post","type-post","status-publish","format-standard","hentry","category-u13-d3"],"jetpack_publicize_connections":[],"jetpack_featured_media_url":"","jetpack_shortlink":"https:\/\/wp.me\/p2ZUr0-3cb","jetpack_sharing_enabled":true,"_links":{"self":[{"href":"https:\/\/www.djk-erlangen.de\/fussball\/index.php?rest_route=\/wp\/v2\/posts\/12287","targetHints":{"allow":["GET"]}}],"collection":[{"href":"https:\/\/www.djk-erlangen.de\/fussball\/index.php?rest_route=\/wp\/v2\/posts"}],"about":[{"href":"https:\/\/www.djk-erlangen.de\/fussball\/index.php?rest_route=\/wp\/v2\/types\/post"}],"author":[{"embeddable":true,"href":"https:\/\/www.djk-erlangen.de\/fussball\/index.php?rest_route=\/wp\/v2\/users\/32"}],"replies":[{"embeddable":true,"href":"https:\/\/www.djk-erlangen.de\/fussball\/index.php?rest_route=%2Fwp%2Fv2%2Fcomments&post=12287"}],"version-history":[{"count":1,"href":"https:\/\/www.djk-erlangen.de\/fussball\/index.php?rest_route=\/wp\/v2\/posts\/12287\/revisions"}],"predecessor-version":[{"id":12288,"href":"https:\/\/www.djk-erlangen.de\/fussball\/index.php?rest_route=\/wp\/v2\/posts\/12287\/revisions\/12288"}],"wp:attachment":[{"href":"https:\/\/www.djk-erlangen.de\/fussball\/index.php?rest_route=%2Fwp%2Fv2%2Fmedia&parent=12287"}],"wp:term":[{"taxonomy":"category","embeddable":true,"href":"https:\/\/www.djk-erlangen.de\/fussball\/index.php?rest_route=%2Fwp%2Fv2%2Fcategories&post=12287"},{"taxonomy":"post_tag","embeddable":true,"href":"https:\/\/www.djk-erlangen.de\/fussball\/index.php?rest_route=%2Fwp%2Fv2%2Ftags&post=12287"}],"curies":[{"name":"wp","href":"https:\/\/api.w.org\/{rel}","templated":true}]}}