{"id":12278,"date":"2014-10-22T21:20:07","date_gmt":"2014-10-22T19:20:07","guid":{"rendered":"http:\/\/www.djk-erlangen.de\/fussball\/?p=12278"},"modified":"2014-10-22T21:20:07","modified_gmt":"2014-10-22T19:20:07","slug":"blitz-voting-holt-das-fupa-videospiel-fuer-die-djk","status":"publish","type":"post","link":"https:\/\/www.djk-erlangen.de\/fussball\/?p=12278","title":{"rendered":"Blitz-Voting: Holt das FuPa-Videospiel f\u00fcr die DJK!"},"content":{"rendered":"<p><span class=\"userContent\">Jeden Sonntag reist das FuPa-Team durch Mittelfranken, um das Spiel der Woche mit der Kamera zu begleiten und Euch im Video zu pr\u00e4sentieren. Die Auswahl f\u00e4llt angesichts des \u00dcberangebots an to<span class=\"text_exposed_show\">llen Spielen nicht immer leicht. Deswegen seid wieder einmal Ihr gefordert. Wo sollen wir am Wochenende hinfahren? Stimmt ab! Ein Kreisliga-Spitzenspiel sowie zwei Kreisklassen-Derbys aus dem Kreis Erlangen\/Pegnitzgrund stehen diesmal zur Auswahl.<\/p>\n<p>Hier geht\u00b4s zur Abstimmung: Voten, voten, voten&#8230; Los geht\u00b4s<br \/>\n<a href=\"http:\/\/www.fupa.net\/berichte\/blitz-voting-holt-euch-das-fupa-videospiel-219295.html\" target=\"_blank\" rel=\"nofollow nofollow\">http:\/\/www.fupa.net\/berichte\/blitz-voting-holt-euch-das-fupa-videospiel-219295.html<\/a><\/span><\/span><\/p>\n","protected":false},"excerpt":{"rendered":"<p>Jeden Sonntag reist das FuPa-Team durch Mittelfranken, um das Spiel der Woche mit der Kamera zu begleiten und Euch im Video zu pr\u00e4sentieren. Die Auswahl f\u00e4llt angesichts des \u00dcberangebots an tollen Spielen nicht immer leicht. Deswegen seid wieder einmal Ihr &hellip; <a href=\"https:\/\/www.djk-erlangen.de\/fussball\/?p=12278\">Weiterlesen <span class=\"meta-nav\">&rarr;<\/span><\/a><\/p>\n","protected":false},"author":32,"featured_media":0,"comment_status":"open","ping_status":"closed","sticky":false,"template":"","format":"standard","meta":{"jetpack_post_was_ever_published":false,"_jetpack_newsletter_access":"","_jetpack_dont_email_post_to_subs":false,"_jetpack_newsletter_tier_id":0,"_jetpack_memberships_contains_paywalled_content":false,"_jetpack_memberships_contains_paid_content":false,"footnotes":"","jetpack_publicize_message":"","jetpack_publicize_feature_enabled":true,"jetpack_social_post_already_shared":true,"jetpack_social_options":{"image_generator_settings":{"template":"highway","default_image_id":0,"font":"","enabled":false},"version":2}},"categories":[4,1,5,17,18,12,28,13],"tags":[],"class_list":["post-12278","post","type-post","status-publish","format-standard","hentry","category-ah","category-allgemein","category-herren","category-herren-1","category-herren-2","category-u17","category-u17-b1","category-u19"],"jetpack_publicize_connections":[],"jetpack_featured_media_url":"","jetpack_shortlink":"https:\/\/wp.me\/p2ZUr0-3c2","jetpack_sharing_enabled":true,"_links":{"self":[{"href":"https:\/\/www.djk-erlangen.de\/fussball\/index.php?rest_route=\/wp\/v2\/posts\/12278","targetHints":{"allow":["GET"]}}],"collection":[{"href":"https:\/\/www.djk-erlangen.de\/fussball\/index.php?rest_route=\/wp\/v2\/posts"}],"about":[{"href":"https:\/\/www.djk-erlangen.de\/fussball\/index.php?rest_route=\/wp\/v2\/types\/post"}],"author":[{"embeddable":true,"href":"https:\/\/www.djk-erlangen.de\/fussball\/index.php?rest_route=\/wp\/v2\/users\/32"}],"replies":[{"embeddable":true,"href":"https:\/\/www.djk-erlangen.de\/fussball\/index.php?rest_route=%2Fwp%2Fv2%2Fcomments&post=12278"}],"version-history":[{"count":1,"href":"https:\/\/www.djk-erlangen.de\/fussball\/index.php?rest_route=\/wp\/v2\/posts\/12278\/revisions"}],"predecessor-version":[{"id":12279,"href":"https:\/\/www.djk-erlangen.de\/fussball\/index.php?rest_route=\/wp\/v2\/posts\/12278\/revisions\/12279"}],"wp:attachment":[{"href":"https:\/\/www.djk-erlangen.de\/fussball\/index.php?rest_route=%2Fwp%2Fv2%2Fmedia&parent=12278"}],"wp:term":[{"taxonomy":"category","embeddable":true,"href":"https:\/\/www.djk-erlangen.de\/fussball\/index.php?rest_route=%2Fwp%2Fv2%2Fcategories&post=12278"},{"taxonomy":"post_tag","embeddable":true,"href":"https:\/\/www.djk-erlangen.de\/fussball\/index.php?rest_route=%2Fwp%2Fv2%2Ftags&post=12278"}],"curies":[{"name":"wp","href":"https:\/\/api.w.org\/{rel}","templated":true}]}}