{"id":12231,"date":"2014-10-11T18:55:33","date_gmt":"2014-10-11T16:55:33","guid":{"rendered":"http:\/\/www.djk-erlangen.de\/fussball\/?p=12231"},"modified":"2014-10-11T18:56:19","modified_gmt":"2014-10-11T16:56:19","slug":"daempfer-zur-rechten-zeit","status":"publish","type":"post","link":"https:\/\/www.djk-erlangen.de\/fussball\/?p=12231","title":{"rendered":"D\u00e4mpfer zur rechten Zeit"},"content":{"rendered":"<p>Am heutige Samstag morgen durften die Jungs der D1 nach Effeltrich zur JFG Regnitztal reisen. Vor dem Spiel war eigentlich schon allen klar, da\u00df dies heute kein Honigschlecken wird, zumal wir auf 4 etablierte Stammkr\u00e4fte krankheits- bzw. verletzungsbedingt verzichten mu\u00dften.<br \/>\n<!--more-->Zu Beginn der Partie bekamen wir das Spiel relativ gut in den Griff und erarbeiteten uns auch zahlreiche Torchancen, welche allerdings allesamt in nichts Z\u00e4hlbares umgesetzt werden konnten. Dieses Auslassen von Einschu\u00dfm\u00f6glichkeiten sollte sich bitter r\u00e4chen! Durch 2 blitzsaubere Konter konnten die Hausherren in der 18. und 28. Minute mit 2:0 in F\u00fchrung gehen. Diese beiden Gegentreffer sorgte bei den Wiesenwegbuben f\u00fcr eine Schockstarre. Von nun an gelang nichts mehr. Selbst das einfachste Zuspiel kam nicht zum Mitspieler sondern landete beim Gegner. Dem verlorenen Ball wurde nicht nachgesetzt, sondern vielmehr die Schuld bei den Kollegen gesucht. So stand es dann auch zur Pause verdient 2:0 f\u00fcr die Gastgeber.<\/p>\n<p>In der Halbzeitpause fehlten selbst dem sonst so schlagfertigen Trainer die Worte. Er war zwecks der abgelieferten Leistung im ersten Spielabschnitt fast sprachlos. Auch wenn die Defizite analysiert wurden, konnte im zweiten Abschnitt keine Besserung der Spielweise erkannt werden. Vielmehr wurde mit fortschreitender Spieldauer die Fehlpa\u00dfquote deutlich h\u00f6her und die Hausherren hatten mittlerweile ganz leichtes Spiel mit uns und konnten durch weitere Treffer die F\u00fchrung ausbauen.<br \/>\nSo stand es nach gespielten 50 Minuten\u00a0 5:0 f\u00fcr die JFG.<br \/>\nErst mit dem Schlu\u00dfpfiff kamen wir durch Benedikt noch zum Anschlu\u00dftreffer.<\/p>\n<p>Die heute abgelieferte Leistung war unterirdisch und zeigte erneut ganz deutlich auf, da\u00df die Spieler aus der zweiten Reihe die L\u00fccken der etablierten Spieler in keinster Weise stopfen k\u00f6nnen. Somit haben wir hoffentlich den D\u00e4mpfer zur rechten Zeit erhalten und somit sind wir auch die Favoritenrolle los.<\/p>\n<p>DJK Aufgebot:<br \/>\nLuis; Daniel; Ali-Alex; Lorenz; Konstantin; Benedikt; Ben; David; Florian; Lasse<\/p>\n<p>Tor:<br \/>\nBenedikt<\/p>\n","protected":false},"excerpt":{"rendered":"<p>Am heutige Samstag morgen durften die Jungs der D1 nach Effeltrich zur JFG Regnitztal reisen. Vor dem Spiel war eigentlich schon allen klar, da\u00df dies heute kein Honigschlecken wird, zumal wir auf 4 etablierte Stammkr\u00e4fte krankheits- bzw. verletzungsbedingt verzichten mu\u00dften.<\/p>\n","protected":false},"author":32,"featured_media":0,"comment_status":"open","ping_status":"closed","sticky":false,"template":"","format":"standard","meta":{"jetpack_post_was_ever_published":false,"_jetpack_newsletter_access":"","_jetpack_dont_email_post_to_subs":false,"_jetpack_newsletter_tier_id":0,"_jetpack_memberships_contains_paywalled_content":false,"_jetpack_memberships_contains_paid_content":false,"footnotes":"","jetpack_publicize_message":"","jetpack_publicize_feature_enabled":true,"jetpack_social_post_already_shared":true,"jetpack_social_options":{"image_generator_settings":{"template":"highway","default_image_id":0,"font":"","enabled":false},"version":2}},"categories":[34],"tags":[],"class_list":["post-12231","post","type-post","status-publish","format-standard","hentry","category-u13-d1"],"jetpack_publicize_connections":[],"jetpack_featured_media_url":"","jetpack_shortlink":"https:\/\/wp.me\/p2ZUr0-3bh","jetpack_sharing_enabled":true,"_links":{"self":[{"href":"https:\/\/www.djk-erlangen.de\/fussball\/index.php?rest_route=\/wp\/v2\/posts\/12231","targetHints":{"allow":["GET"]}}],"collection":[{"href":"https:\/\/www.djk-erlangen.de\/fussball\/index.php?rest_route=\/wp\/v2\/posts"}],"about":[{"href":"https:\/\/www.djk-erlangen.de\/fussball\/index.php?rest_route=\/wp\/v2\/types\/post"}],"author":[{"embeddable":true,"href":"https:\/\/www.djk-erlangen.de\/fussball\/index.php?rest_route=\/wp\/v2\/users\/32"}],"replies":[{"embeddable":true,"href":"https:\/\/www.djk-erlangen.de\/fussball\/index.php?rest_route=%2Fwp%2Fv2%2Fcomments&post=12231"}],"version-history":[{"count":1,"href":"https:\/\/www.djk-erlangen.de\/fussball\/index.php?rest_route=\/wp\/v2\/posts\/12231\/revisions"}],"predecessor-version":[{"id":12232,"href":"https:\/\/www.djk-erlangen.de\/fussball\/index.php?rest_route=\/wp\/v2\/posts\/12231\/revisions\/12232"}],"wp:attachment":[{"href":"https:\/\/www.djk-erlangen.de\/fussball\/index.php?rest_route=%2Fwp%2Fv2%2Fmedia&parent=12231"}],"wp:term":[{"taxonomy":"category","embeddable":true,"href":"https:\/\/www.djk-erlangen.de\/fussball\/index.php?rest_route=%2Fwp%2Fv2%2Fcategories&post=12231"},{"taxonomy":"post_tag","embeddable":true,"href":"https:\/\/www.djk-erlangen.de\/fussball\/index.php?rest_route=%2Fwp%2Fv2%2Ftags&post=12231"}],"curies":[{"name":"wp","href":"https:\/\/api.w.org\/{rel}","templated":true}]}}