{"id":12152,"date":"2014-09-20T16:09:58","date_gmt":"2014-09-20T14:09:58","guid":{"rendered":"http:\/\/www.djk-erlangen.de\/fussball\/?p=12152"},"modified":"2014-09-20T16:09:58","modified_gmt":"2014-09-20T14:09:58","slug":"matchday-am-wiesengrund","status":"publish","type":"post","link":"https:\/\/www.djk-erlangen.de\/fussball\/?p=12152","title":{"rendered":"Matchday am Wiesengrund"},"content":{"rendered":"<p>Am heutigen Samstag vormittag war wieder einiges geboten bei uns auf dem Gel\u00e4nde!<br \/>\nDen Startschu\u00df zum heutigen Matchday gaben unsere Kleinsten mit Ihrem ersten Turnier, welches souver\u00e4n und verlustpunktfrei gewonnen werden konnte.<br \/>\nZeitgleich spielte die F1 zuhause gegen den FSV Erlangen Bruck und konnten mit einem Kantersieg von 10:0 ebenfalls siegreich vom Platz gehen.<br \/>\nUnsere D1 Junioren bestritten im Anschlu\u00df ihr erstes Heimspiel in der Qualifikationsrunde und waren ebenfalls erfolgreich. Mit einem 4:0 Heimsieg wurde<br \/>\nder Nachbar von der Schallershofer Stra\u00dfe bezwungen<\/p>\n","protected":false},"excerpt":{"rendered":"<p>Am heutigen Samstag vormittag war wieder einiges geboten bei uns auf dem Gel\u00e4nde! Den Startschu\u00df zum heutigen Matchday gaben unsere Kleinsten mit Ihrem ersten Turnier, welches souver\u00e4n und verlustpunktfrei gewonnen werden konnte. Zeitgleich spielte die F1 zuhause gegen den FSV &hellip; <a href=\"https:\/\/www.djk-erlangen.de\/fussball\/?p=12152\">Weiterlesen <span class=\"meta-nav\">&rarr;<\/span><\/a><\/p>\n","protected":false},"author":32,"featured_media":0,"comment_status":"open","ping_status":"closed","sticky":false,"template":"","format":"standard","meta":{"jetpack_post_was_ever_published":false,"_jetpack_newsletter_access":"","_jetpack_dont_email_post_to_subs":false,"_jetpack_newsletter_tier_id":0,"_jetpack_memberships_contains_paywalled_content":false,"_jetpack_memberships_contains_paid_content":false,"footnotes":"","jetpack_publicize_message":"","jetpack_publicize_feature_enabled":true,"jetpack_social_post_already_shared":true,"jetpack_social_options":{"image_generator_settings":{"template":"highway","default_image_id":0,"font":"","enabled":false},"version":2}},"categories":[1],"tags":[],"class_list":["post-12152","post","type-post","status-publish","format-standard","hentry","category-allgemein"],"jetpack_publicize_connections":[],"jetpack_featured_media_url":"","jetpack_shortlink":"https:\/\/wp.me\/p2ZUr0-3a0","jetpack_sharing_enabled":true,"_links":{"self":[{"href":"https:\/\/www.djk-erlangen.de\/fussball\/index.php?rest_route=\/wp\/v2\/posts\/12152","targetHints":{"allow":["GET"]}}],"collection":[{"href":"https:\/\/www.djk-erlangen.de\/fussball\/index.php?rest_route=\/wp\/v2\/posts"}],"about":[{"href":"https:\/\/www.djk-erlangen.de\/fussball\/index.php?rest_route=\/wp\/v2\/types\/post"}],"author":[{"embeddable":true,"href":"https:\/\/www.djk-erlangen.de\/fussball\/index.php?rest_route=\/wp\/v2\/users\/32"}],"replies":[{"embeddable":true,"href":"https:\/\/www.djk-erlangen.de\/fussball\/index.php?rest_route=%2Fwp%2Fv2%2Fcomments&post=12152"}],"version-history":[{"count":1,"href":"https:\/\/www.djk-erlangen.de\/fussball\/index.php?rest_route=\/wp\/v2\/posts\/12152\/revisions"}],"predecessor-version":[{"id":12153,"href":"https:\/\/www.djk-erlangen.de\/fussball\/index.php?rest_route=\/wp\/v2\/posts\/12152\/revisions\/12153"}],"wp:attachment":[{"href":"https:\/\/www.djk-erlangen.de\/fussball\/index.php?rest_route=%2Fwp%2Fv2%2Fmedia&parent=12152"}],"wp:term":[{"taxonomy":"category","embeddable":true,"href":"https:\/\/www.djk-erlangen.de\/fussball\/index.php?rest_route=%2Fwp%2Fv2%2Fcategories&post=12152"},{"taxonomy":"post_tag","embeddable":true,"href":"https:\/\/www.djk-erlangen.de\/fussball\/index.php?rest_route=%2Fwp%2Fv2%2Ftags&post=12152"}],"curies":[{"name":"wp","href":"https:\/\/api.w.org\/{rel}","templated":true}]}}