{"id":12128,"date":"2014-09-14T22:42:33","date_gmt":"2014-09-14T20:42:33","guid":{"rendered":"http:\/\/www.djk-erlangen.de\/fussball\/?p=12128"},"modified":"2014-09-14T22:42:33","modified_gmt":"2014-09-14T20:42:33","slug":"vorbereitungsturnier-der-d-junioren","status":"publish","type":"post","link":"https:\/\/www.djk-erlangen.de\/fussball\/?p=12128","title":{"rendered":"Vorbereitungsturnier der D-Junioren"},"content":{"rendered":"<p>Am heutigen Sonntag Mittag haben die D1 und D2 Junioren zu Ihrem Vorbereitungsturnier auf die neue Saison in den Wiesengrund geladen.<br \/>\nUnsere beiden Teams durften sich mit folgenden Mannschaften messen:<br \/>\nUttenreuth I und II sowie die JFG Seebachgrund.<br \/>\n<!--more--><br \/>\nGespielt wurde in Turnierform jeder gegen jeden mit einer Spielzeit von jeweils 20 Minuten.<br \/>\nBei bestem Fu\u00dfballwetter am letzten Ferienwochenende sahen die doch zahlreichen Zuschauer sehr abwechslungsreiche und \u00e4u\u00dferst faire Begegnungen<br \/>\ndie teilweise auch lange auf des Messers Schneide standen.<\/p>\n<p>Unsere beiden Mannschaften zogen sich gegen die teilweise 2 Klassen h\u00f6her dotierten Mannschaften beachtlich aus der \u00c4ff\u00e4re und konnten mit jeweils<br \/>\n4 Punkten ein durchaus positives Fazit dieses Vorbereitungsturniers ziehen.<\/p>\n<p>Somit k\u00f6nnen die Trainer auch nach den neuesten Erkenntnissen von heute mit Ihren Mannschaften gut aufgestellt in die neue Saison am kommenden Dienstag starten.<\/p>\n<p>Vielen lieben Dank auch nochmals an die G\u00e4stemannschaften mit Ihrem Trainer- und Betreuerstab und den vielen Zuschauern f\u00fcr einen gelungenen Fu\u00dfballnachmittag.<\/p>\n","protected":false},"excerpt":{"rendered":"<p>Am heutigen Sonntag Mittag haben die D1 und D2 Junioren zu Ihrem Vorbereitungsturnier auf die neue Saison in den Wiesengrund geladen. Unsere beiden Teams durften sich mit folgenden Mannschaften messen: Uttenreuth I und II sowie die JFG Seebachgrund.<\/p>\n","protected":false},"author":32,"featured_media":0,"comment_status":"open","ping_status":"closed","sticky":false,"template":"","format":"standard","meta":{"jetpack_post_was_ever_published":false,"_jetpack_newsletter_access":"","_jetpack_dont_email_post_to_subs":false,"_jetpack_newsletter_tier_id":0,"_jetpack_memberships_contains_paywalled_content":false,"_jetpack_memberships_contains_paid_content":false,"footnotes":"","jetpack_publicize_message":"","jetpack_publicize_feature_enabled":true,"jetpack_social_post_already_shared":true,"jetpack_social_options":{"image_generator_settings":{"template":"highway","default_image_id":0,"font":"","enabled":false},"version":2}},"categories":[34,35],"tags":[],"class_list":["post-12128","post","type-post","status-publish","format-standard","hentry","category-u13-d1","category-u13-d2"],"jetpack_publicize_connections":[],"jetpack_featured_media_url":"","jetpack_shortlink":"https:\/\/wp.me\/p2ZUr0-39C","jetpack_sharing_enabled":true,"_links":{"self":[{"href":"https:\/\/www.djk-erlangen.de\/fussball\/index.php?rest_route=\/wp\/v2\/posts\/12128","targetHints":{"allow":["GET"]}}],"collection":[{"href":"https:\/\/www.djk-erlangen.de\/fussball\/index.php?rest_route=\/wp\/v2\/posts"}],"about":[{"href":"https:\/\/www.djk-erlangen.de\/fussball\/index.php?rest_route=\/wp\/v2\/types\/post"}],"author":[{"embeddable":true,"href":"https:\/\/www.djk-erlangen.de\/fussball\/index.php?rest_route=\/wp\/v2\/users\/32"}],"replies":[{"embeddable":true,"href":"https:\/\/www.djk-erlangen.de\/fussball\/index.php?rest_route=%2Fwp%2Fv2%2Fcomments&post=12128"}],"version-history":[{"count":1,"href":"https:\/\/www.djk-erlangen.de\/fussball\/index.php?rest_route=\/wp\/v2\/posts\/12128\/revisions"}],"predecessor-version":[{"id":12129,"href":"https:\/\/www.djk-erlangen.de\/fussball\/index.php?rest_route=\/wp\/v2\/posts\/12128\/revisions\/12129"}],"wp:attachment":[{"href":"https:\/\/www.djk-erlangen.de\/fussball\/index.php?rest_route=%2Fwp%2Fv2%2Fmedia&parent=12128"}],"wp:term":[{"taxonomy":"category","embeddable":true,"href":"https:\/\/www.djk-erlangen.de\/fussball\/index.php?rest_route=%2Fwp%2Fv2%2Fcategories&post=12128"},{"taxonomy":"post_tag","embeddable":true,"href":"https:\/\/www.djk-erlangen.de\/fussball\/index.php?rest_route=%2Fwp%2Fv2%2Ftags&post=12128"}],"curies":[{"name":"wp","href":"https:\/\/api.w.org\/{rel}","templated":true}]}}