{"id":11886,"date":"2014-07-15T21:20:42","date_gmt":"2014-07-15T19:20:42","guid":{"rendered":"http:\/\/www.djk-erlangen.de\/fussball\/?p=11886"},"modified":"2014-07-30T22:08:33","modified_gmt":"2014-07-30T20:08:33","slug":"djk-sommercup-2014-am-19-07-von-1000-bis-1400-uhr","status":"publish","type":"post","link":"https:\/\/www.djk-erlangen.de\/fussball\/?p=11886","title":{"rendered":"DJK Sommercup 2014 am 19.07. von 10:00 bis 14:00 Uhr"},"content":{"rendered":"<p>Am Samstag findet der 5. DJK Sommercup im Juniorenbereich statt. Nach vier erfolgreichen Jahren haben wir, die F-Junioren (Jahrgang 2005), die Organisation von unseren Vorg\u00e4ngern, den jetzigen D-Junioren (Peter Scherneck), \u00fcbernommen. Wir m\u00f6chten dieses traditionsreiche Turnier weiterf\u00fchren.<\/p>\n<p>DJK Erlangen startet in diesem Jahr mit drei Mannschaften. Wir hoffen auf viele G\u00e4ste und gutes Gelingen.<\/p>\n<p>Nat\u00fcrlich ist auch f\u00fcr Speisen, Getr\u00e4nke und Unterhaltung gesorgt.<\/p>\n<p>Zur Premiere gibt es f\u00fcr den besten Torwandsch\u00fctzen einen Pokal. Vom Kleinkind bis zur Oma d\u00fcrfen alle teilnehmen.<\/p>\n<p>Wir w\u00fcnschen allen Teilnehmenden und G\u00e4sten viel Spa\u00df am Spiel.<\/p>\n","protected":false},"excerpt":{"rendered":"<p>Am Samstag findet der 5. DJK Sommercup im Juniorenbereich statt. Nach vier erfolgreichen Jahren haben wir, die F-Junioren (Jahrgang 2005), die Organisation von unseren Vorg\u00e4ngern, den jetzigen D-Junioren (Peter Scherneck), \u00fcbernommen. Wir m\u00f6chten dieses traditionsreiche Turnier weiterf\u00fchren. DJK Erlangen startet &hellip; <a href=\"https:\/\/www.djk-erlangen.de\/fussball\/?p=11886\">Weiterlesen <span class=\"meta-nav\">&rarr;<\/span><\/a><\/p>\n","protected":false},"author":36,"featured_media":0,"comment_status":"open","ping_status":"closed","sticky":false,"template":"","format":"standard","meta":{"jetpack_post_was_ever_published":false,"_jetpack_newsletter_access":"","_jetpack_dont_email_post_to_subs":false,"_jetpack_newsletter_tier_id":0,"_jetpack_memberships_contains_paywalled_content":false,"_jetpack_memberships_contains_paid_content":false,"footnotes":"","jetpack_publicize_message":"","jetpack_publicize_feature_enabled":true,"jetpack_social_post_already_shared":true,"jetpack_social_options":{"image_generator_settings":{"template":"highway","default_image_id":0,"font":"","enabled":false},"version":2}},"categories":[1,15,40,36],"tags":[],"class_list":["post-11886","post","type-post","status-publish","format-standard","hentry","category-allgemein","category-u9-f1","category-u9-f2-2","category-u9-f2-i"],"jetpack_publicize_connections":[],"jetpack_featured_media_url":"","jetpack_shortlink":"https:\/\/wp.me\/p2ZUr0-35I","jetpack_sharing_enabled":true,"_links":{"self":[{"href":"https:\/\/www.djk-erlangen.de\/fussball\/index.php?rest_route=\/wp\/v2\/posts\/11886","targetHints":{"allow":["GET"]}}],"collection":[{"href":"https:\/\/www.djk-erlangen.de\/fussball\/index.php?rest_route=\/wp\/v2\/posts"}],"about":[{"href":"https:\/\/www.djk-erlangen.de\/fussball\/index.php?rest_route=\/wp\/v2\/types\/post"}],"author":[{"embeddable":true,"href":"https:\/\/www.djk-erlangen.de\/fussball\/index.php?rest_route=\/wp\/v2\/users\/36"}],"replies":[{"embeddable":true,"href":"https:\/\/www.djk-erlangen.de\/fussball\/index.php?rest_route=%2Fwp%2Fv2%2Fcomments&post=11886"}],"version-history":[{"count":7,"href":"https:\/\/www.djk-erlangen.de\/fussball\/index.php?rest_route=\/wp\/v2\/posts\/11886\/revisions"}],"predecessor-version":[{"id":11893,"href":"https:\/\/www.djk-erlangen.de\/fussball\/index.php?rest_route=\/wp\/v2\/posts\/11886\/revisions\/11893"}],"wp:attachment":[{"href":"https:\/\/www.djk-erlangen.de\/fussball\/index.php?rest_route=%2Fwp%2Fv2%2Fmedia&parent=11886"}],"wp:term":[{"taxonomy":"category","embeddable":true,"href":"https:\/\/www.djk-erlangen.de\/fussball\/index.php?rest_route=%2Fwp%2Fv2%2Fcategories&post=11886"},{"taxonomy":"post_tag","embeddable":true,"href":"https:\/\/www.djk-erlangen.de\/fussball\/index.php?rest_route=%2Fwp%2Fv2%2Ftags&post=11886"}],"curies":[{"name":"wp","href":"https:\/\/api.w.org\/{rel}","templated":true}]}}