{"id":11850,"date":"2014-07-09T21:24:55","date_gmt":"2014-07-09T19:24:55","guid":{"rendered":"http:\/\/www.djk-erlangen.de\/fussball\/?p=11850"},"modified":"2014-07-10T23:26:38","modified_gmt":"2014-07-10T21:26:38","slug":"b-junioren-meister-aller-nicht-aufstiegsberechtigten-mannschaften","status":"publish","type":"post","link":"https:\/\/www.djk-erlangen.de\/fussball\/?p=11850","title":{"rendered":"B-Junioren: Meister aller nicht aufstiegsberechtigten Mannschaften"},"content":{"rendered":"<p style=\"text-align: justify;\">In einem Blitzturnier in Thuisbrunn wurde zum Saisonabschluss der Gesamtmeister ausgespielt.<\/p>\n<p style=\"text-align: justify;\">Es nahmen die 4 erfolgreichsten Mannschaften der Kreisgruppen Erlangen\/Pegnitzgrund teil.<!--more--><\/p>\n<p style=\"text-align: justify;\">Die Jungs der DJK Erlangen erk\u00e4mpften sich in einem engen Match gegen die Mannschaft aus Weisendorf die Finalteilnahme. Erst im Elfmeterschie\u00dfen wurde die Partie zu Gunsten der DJK entschieden. Matchwinner war unser Torwart Hendrik.<\/p>\n<p style=\"text-align: justify;\">Im Finale erwartete uns Pretzfeld. Das Spiel fand ausschlie\u00dflich vor dem Tor von Pretzfeld statt. Aber bei \u00fcber 30 Grad im Schatten wollte der Ball einfach nicht \u00fcber die Linie.<br \/>\nIn der sehr einseitigen Partie wurde diese dann erst 3 Minuten vor Schluss durch eine Einzelaktion von Daniel entschieden.<\/p>\n<p style=\"text-align: justify;\">Hier unser Mannschaftkapit\u00e4n Sebastian bei der Siegerehrung durch den Kreisspielleiter Tobias K\u00f6rner:<\/p>\n<p style=\"text-align: center;\"><a href=\"http:\/\/www.djk-erlangen.de\/fussball\/wp-content\/uploads\/2014\/07\/Sebastian.jpg\"><img loading=\"lazy\" decoding=\"async\" class=\"wp-image-11852 aligncenter\" src=\"http:\/\/www.djk-erlangen.de\/fussball\/wp-content\/uploads\/2014\/07\/Sebastian.jpg\" alt=\"Sebastian\" width=\"271\" height=\"408\" srcset=\"https:\/\/www.djk-erlangen.de\/fussball\/wp-content\/uploads\/2014\/07\/Sebastian.jpg 1344w, https:\/\/www.djk-erlangen.de\/fussball\/wp-content\/uploads\/2014\/07\/Sebastian-99x150.jpg 99w, https:\/\/www.djk-erlangen.de\/fussball\/wp-content\/uploads\/2014\/07\/Sebastian-199x300.jpg 199w, https:\/\/www.djk-erlangen.de\/fussball\/wp-content\/uploads\/2014\/07\/Sebastian-681x1024.jpg 681w\" sizes=\"auto, (max-width: 271px) 100vw, 271px\" \/><\/a><\/p>\n<h3 style=\"text-align: center;\"><a href=\"http:\/\/www.djk-erlangen.de\/fussball\/wp-content\/uploads\/2014\/07\/Mannschaftsfoto3.jpg\"><img loading=\"lazy\" decoding=\"async\" class=\"wp-image-11857 aligncenter\" src=\"http:\/\/www.djk-erlangen.de\/fussball\/wp-content\/uploads\/2014\/07\/Mannschaftsfoto3.jpg\" alt=\"Mannschaftsfoto\" width=\"665\" height=\"327\" srcset=\"https:\/\/www.djk-erlangen.de\/fussball\/wp-content\/uploads\/2014\/07\/Mannschaftsfoto3.jpg 2838w, https:\/\/www.djk-erlangen.de\/fussball\/wp-content\/uploads\/2014\/07\/Mannschaftsfoto3-150x73.jpg 150w, https:\/\/www.djk-erlangen.de\/fussball\/wp-content\/uploads\/2014\/07\/Mannschaftsfoto3-300x147.jpg 300w, https:\/\/www.djk-erlangen.de\/fussball\/wp-content\/uploads\/2014\/07\/Mannschaftsfoto3-1024x502.jpg 1024w\" sizes=\"auto, (max-width: 665px) 100vw, 665px\" \/><\/a><\/h3>\n<h3 style=\"text-align: center;\">Unseren Langzeitverletzten Simon und Sergej \u00fcbermitteln wir hiermit die besten Genesungsw\u00fcnsche!<\/h3>\n<p style=\"text-align: center;\">\n","protected":false},"excerpt":{"rendered":"<p>In einem Blitzturnier in Thuisbrunn wurde zum Saisonabschluss der Gesamtmeister ausgespielt. Es nahmen die 4 erfolgreichsten Mannschaften der Kreisgruppen Erlangen\/Pegnitzgrund teil.<\/p>\n","protected":false},"author":9,"featured_media":0,"comment_status":"open","ping_status":"closed","sticky":false,"template":"","format":"standard","meta":{"jetpack_post_was_ever_published":false,"_jetpack_newsletter_access":"","_jetpack_dont_email_post_to_subs":false,"_jetpack_newsletter_tier_id":0,"_jetpack_memberships_contains_paywalled_content":false,"_jetpack_memberships_contains_paid_content":false,"footnotes":"","jetpack_publicize_message":"","jetpack_publicize_feature_enabled":true,"jetpack_social_post_already_shared":true,"jetpack_social_options":{"image_generator_settings":{"template":"highway","default_image_id":0,"font":"","enabled":false},"version":2}},"categories":[28],"tags":[],"class_list":["post-11850","post","type-post","status-publish","format-standard","hentry","category-u17-b1"],"jetpack_publicize_connections":[],"jetpack_featured_media_url":"","jetpack_shortlink":"https:\/\/wp.me\/p2ZUr0-358","jetpack_sharing_enabled":true,"_links":{"self":[{"href":"https:\/\/www.djk-erlangen.de\/fussball\/index.php?rest_route=\/wp\/v2\/posts\/11850","targetHints":{"allow":["GET"]}}],"collection":[{"href":"https:\/\/www.djk-erlangen.de\/fussball\/index.php?rest_route=\/wp\/v2\/posts"}],"about":[{"href":"https:\/\/www.djk-erlangen.de\/fussball\/index.php?rest_route=\/wp\/v2\/types\/post"}],"author":[{"embeddable":true,"href":"https:\/\/www.djk-erlangen.de\/fussball\/index.php?rest_route=\/wp\/v2\/users\/9"}],"replies":[{"embeddable":true,"href":"https:\/\/www.djk-erlangen.de\/fussball\/index.php?rest_route=%2Fwp%2Fv2%2Fcomments&post=11850"}],"version-history":[{"count":12,"href":"https:\/\/www.djk-erlangen.de\/fussball\/index.php?rest_route=\/wp\/v2\/posts\/11850\/revisions"}],"predecessor-version":[{"id":11875,"href":"https:\/\/www.djk-erlangen.de\/fussball\/index.php?rest_route=\/wp\/v2\/posts\/11850\/revisions\/11875"}],"wp:attachment":[{"href":"https:\/\/www.djk-erlangen.de\/fussball\/index.php?rest_route=%2Fwp%2Fv2%2Fmedia&parent=11850"}],"wp:term":[{"taxonomy":"category","embeddable":true,"href":"https:\/\/www.djk-erlangen.de\/fussball\/index.php?rest_route=%2Fwp%2Fv2%2Fcategories&post=11850"},{"taxonomy":"post_tag","embeddable":true,"href":"https:\/\/www.djk-erlangen.de\/fussball\/index.php?rest_route=%2Fwp%2Fv2%2Ftags&post=11850"}],"curies":[{"name":"wp","href":"https:\/\/api.w.org\/{rel}","templated":true}]}}