{"id":11818,"date":"2014-06-30T21:01:03","date_gmt":"2014-06-30T19:01:03","guid":{"rendered":"http:\/\/www.djk-erlangen.de\/fussball\/?p=11818"},"modified":"2014-06-30T21:01:03","modified_gmt":"2014-06-30T19:01:03","slug":"f1-mannschaft-wochenendausflug","status":"publish","type":"post","link":"https:\/\/www.djk-erlangen.de\/fussball\/?p=11818","title":{"rendered":"F1-Mannschaft: Wochenendausflug"},"content":{"rendered":"<p>Mit viel Vorfreude und bangem Blick auf die Wetterprognose reiste die F1 am Freitag zu einem Wochenendausflug (26.06.-29.06.) in die Jugendherberge Kretzschau.<br \/>\nIch bin mir sicher, die Kids werden diesen Ausflug lange im Ged\u00e4chtnis behalten und eine Wiederholung im n\u00e4chsten Jahr nicht erwarten k\u00f6nnen, wir Eltern nat\u00fcrlich auch. Gut, das Wetter h\u00e4tte einen Tick besser sein k\u00f6nnen, aber beschweren k\u00f6nnen wir uns nicht.<br \/>\nDer Ausflug brachte alles was Spa\u00df macht, viel Fu\u00dfball (inkl. 2 Freundschaftsspiele), baden, Lagerfeuer, ein spannendes WM-Spiel, usw..<br \/>\nDie Antwort von Dustin auf die Frage seiner Mama: &#8222;Na wie war es?&#8220;, bringt es auf den Punkt:<br \/>\nMit einem breiten Grinsen: &#8222;Cooooool&#8220;.<\/p>\n<p>Wir m\u00f6chten uns beim SV Bad K\u00f6stritz, dem 1. FC Zeitz und\u00a0 SV 1893 Kretzschau f\u00fcr die Unterst\u00fctzung, Gastfreundschaft und Bewirtung recht herzlich bedanken, besonders die &#8222;Th\u00fcringer Roster&#8220;<br \/>\nwaren sehr lecker.<\/p>\n<p>Fazit: Dieses Gemeinschaftserlebnis hat den Zusammenhalt in der Mannschaft weiter verfestigt.<\/p>\n","protected":false},"excerpt":{"rendered":"<p>Mit viel Vorfreude und bangem Blick auf die Wetterprognose reiste die F1 am Freitag zu einem Wochenendausflug (26.06.-29.06.) in die Jugendherberge Kretzschau. Ich bin mir sicher, die Kids werden diesen Ausflug lange im Ged\u00e4chtnis behalten und eine Wiederholung im n\u00e4chsten &hellip; <a href=\"https:\/\/www.djk-erlangen.de\/fussball\/?p=11818\">Weiterlesen <span class=\"meta-nav\">&rarr;<\/span><\/a><\/p>\n","protected":false},"author":36,"featured_media":0,"comment_status":"open","ping_status":"closed","sticky":false,"template":"","format":"standard","meta":{"jetpack_post_was_ever_published":false,"_jetpack_newsletter_access":"","_jetpack_dont_email_post_to_subs":false,"_jetpack_newsletter_tier_id":0,"_jetpack_memberships_contains_paywalled_content":false,"_jetpack_memberships_contains_paid_content":false,"footnotes":"","jetpack_publicize_message":"","jetpack_publicize_feature_enabled":true,"jetpack_social_post_already_shared":true,"jetpack_social_options":{"image_generator_settings":{"template":"highway","default_image_id":0,"font":"","enabled":false},"version":2}},"categories":[1,15,40,36],"tags":[],"class_list":["post-11818","post","type-post","status-publish","format-standard","hentry","category-allgemein","category-u9-f1","category-u9-f2-2","category-u9-f2-i"],"jetpack_publicize_connections":[],"jetpack_featured_media_url":"","jetpack_shortlink":"https:\/\/wp.me\/p2ZUr0-34C","jetpack_sharing_enabled":true,"_links":{"self":[{"href":"https:\/\/www.djk-erlangen.de\/fussball\/index.php?rest_route=\/wp\/v2\/posts\/11818","targetHints":{"allow":["GET"]}}],"collection":[{"href":"https:\/\/www.djk-erlangen.de\/fussball\/index.php?rest_route=\/wp\/v2\/posts"}],"about":[{"href":"https:\/\/www.djk-erlangen.de\/fussball\/index.php?rest_route=\/wp\/v2\/types\/post"}],"author":[{"embeddable":true,"href":"https:\/\/www.djk-erlangen.de\/fussball\/index.php?rest_route=\/wp\/v2\/users\/36"}],"replies":[{"embeddable":true,"href":"https:\/\/www.djk-erlangen.de\/fussball\/index.php?rest_route=%2Fwp%2Fv2%2Fcomments&post=11818"}],"version-history":[{"count":4,"href":"https:\/\/www.djk-erlangen.de\/fussball\/index.php?rest_route=\/wp\/v2\/posts\/11818\/revisions"}],"predecessor-version":[{"id":11822,"href":"https:\/\/www.djk-erlangen.de\/fussball\/index.php?rest_route=\/wp\/v2\/posts\/11818\/revisions\/11822"}],"wp:attachment":[{"href":"https:\/\/www.djk-erlangen.de\/fussball\/index.php?rest_route=%2Fwp%2Fv2%2Fmedia&parent=11818"}],"wp:term":[{"taxonomy":"category","embeddable":true,"href":"https:\/\/www.djk-erlangen.de\/fussball\/index.php?rest_route=%2Fwp%2Fv2%2Fcategories&post=11818"},{"taxonomy":"post_tag","embeddable":true,"href":"https:\/\/www.djk-erlangen.de\/fussball\/index.php?rest_route=%2Fwp%2Fv2%2Ftags&post=11818"}],"curies":[{"name":"wp","href":"https:\/\/api.w.org\/{rel}","templated":true}]}}