{"id":11776,"date":"2014-06-01T20:57:08","date_gmt":"2014-06-01T18:57:08","guid":{"rendered":"http:\/\/www.djk-erlangen.de\/fussball\/?p=11776"},"modified":"2014-07-10T23:12:17","modified_gmt":"2014-07-10T21:12:17","slug":"b-junioren-bestaetigen-den-titel","status":"publish","type":"post","link":"https:\/\/www.djk-erlangen.de\/fussball\/?p=11776","title":{"rendered":"B-Junioren best\u00e4tigen den Titel"},"content":{"rendered":"<p style=\"text-align: justify;\">Am heutigen fr\u00fchen Sonntagmorgen konnten die Jungs unserer B-Junioren den bereits feststehenden Meistertitel in ihrer Spielklasse durch einen ungef\u00e4hrdeten Sieg best\u00e4tigen.<!--more--><!--more--><!--more--><!--more--><!--more--><\/p>\n<p><a href=\"http:\/\/www.djk-erlangen.de\/fussball\/wp-content\/uploads\/2014\/06\/IMG_3252.jpg\"><img loading=\"lazy\" decoding=\"async\" class=\"aligncenter  wp-image-11783\" src=\"http:\/\/www.djk-erlangen.de\/fussball\/wp-content\/uploads\/2014\/06\/IMG_3252.jpg\" alt=\"IMG_3252\" width=\"472\" height=\"169\" \/><\/a><!--more--><!--more--><!--more--><!--more--> <!--more--><!--more--><a href=\"http:\/\/www.djk-erlangen.de\/fussball\/wp-content\/uploads\/2014\/06\/IMG_3255.jpg\"><img loading=\"lazy\" decoding=\"async\" class=\"aligncenter  wp-image-11793\" src=\"http:\/\/www.djk-erlangen.de\/fussball\/wp-content\/uploads\/2014\/06\/IMG_3255.jpg\" alt=\"IMG_3255\" width=\"395\" height=\"263\" \/><\/a><\/p>\n<p><a href=\"http:\/\/www.djk-erlangen.de\/fussball\/wp-content\/uploads\/2014\/06\/IMG_3254.jpg\"><img loading=\"lazy\" decoding=\"async\" class=\"aligncenter  wp-image-11792\" src=\"http:\/\/www.djk-erlangen.de\/fussball\/wp-content\/uploads\/2014\/06\/IMG_3254.jpg\" alt=\"IMG_3254\" width=\"401\" height=\"267\" \/><\/a><\/p>\n<p style=\"text-align: justify;\">Aus Sicht der Trainer bestand heute die Aufgabe eher darin, die Mannschaft zu motivieren. Obgleich ein 8:2-Sieg eingefahren wurde, war das Spiel doch \u00fcber lange Strecken dem etwas tr\u00fcben Wetter gleich.<br \/>\nTrotz allem ist der heutige Sieg ein w\u00fcrdiger Abschied f\u00fcr eine tolle Spielzeit, f\u00fcr die ich mich &#8211; auch stellvertretend f\u00fcr unseren Mehlemann\u00a0&#8211; bei der gesamten Mannschaft bedanken m\u00f6chte.<!--more--><!--more--><!--more--><!--more--><!--more--><!--more--><\/p>\n<p style=\"text-align: justify;\">Wir haben es in dieser Saison geschafft, dass grunds\u00e4tzlich das Wesentliche, n\u00e4mlich der Spa\u00df am Spiel, im Vordergrund gestanden hat. Ein besonderer Dank geht auch an alle Mitspieler von den spielberechtigten A-Junioren, die uns bei Bedarf immer mit vollem Einsatz zur Verf\u00fcgung standen. Stellvertretend muss hier Dani H. genannt werden, der durch sein vorbildliches Verhalten und Auftreten eine klare F\u00fchrungsrolle \u00fcbernommen hat.<\/p>\n<p style=\"text-align: justify;\">Gro\u00dfen Dank auch unserem Partner TV 1848 Erlangen f\u00fcr die Unterst\u00fctzung mit Spielern. Nur durch die Spielgemeinschaft mit dem TV war es m\u00f6glich, dass unsere Jungs im \u00a0Spielbetrieb bleiben konnten. Dies sah zu Beginn der Saison, nach einigen unerwarteten Spielerabg\u00e4ngen, gar nicht danach aus.<\/p>\n","protected":false},"excerpt":{"rendered":"<p>Am heutigen fr\u00fchen Sonntagmorgen konnten die Jungs unserer B-Junioren den bereits feststehenden Meistertitel in ihrer Spielklasse durch einen ungef\u00e4hrdeten Sieg best\u00e4tigen.<\/p>\n","protected":false},"author":7,"featured_media":0,"comment_status":"open","ping_status":"closed","sticky":false,"template":"","format":"standard","meta":{"jetpack_post_was_ever_published":false,"_jetpack_newsletter_access":"","_jetpack_dont_email_post_to_subs":false,"_jetpack_newsletter_tier_id":0,"_jetpack_memberships_contains_paywalled_content":false,"_jetpack_memberships_contains_paid_content":false,"footnotes":"","jetpack_publicize_message":"","jetpack_publicize_feature_enabled":true,"jetpack_social_post_already_shared":true,"jetpack_social_options":{"image_generator_settings":{"template":"highway","default_image_id":0,"font":"","enabled":false},"version":2}},"categories":[12],"tags":[],"class_list":["post-11776","post","type-post","status-publish","format-standard","hentry","category-u17"],"jetpack_publicize_connections":[],"jetpack_featured_media_url":"","jetpack_shortlink":"https:\/\/wp.me\/p2ZUr0-33W","jetpack_sharing_enabled":true,"_links":{"self":[{"href":"https:\/\/www.djk-erlangen.de\/fussball\/index.php?rest_route=\/wp\/v2\/posts\/11776","targetHints":{"allow":["GET"]}}],"collection":[{"href":"https:\/\/www.djk-erlangen.de\/fussball\/index.php?rest_route=\/wp\/v2\/posts"}],"about":[{"href":"https:\/\/www.djk-erlangen.de\/fussball\/index.php?rest_route=\/wp\/v2\/types\/post"}],"author":[{"embeddable":true,"href":"https:\/\/www.djk-erlangen.de\/fussball\/index.php?rest_route=\/wp\/v2\/users\/7"}],"replies":[{"embeddable":true,"href":"https:\/\/www.djk-erlangen.de\/fussball\/index.php?rest_route=%2Fwp%2Fv2%2Fcomments&post=11776"}],"version-history":[{"count":12,"href":"https:\/\/www.djk-erlangen.de\/fussball\/index.php?rest_route=\/wp\/v2\/posts\/11776\/revisions"}],"predecessor-version":[{"id":11870,"href":"https:\/\/www.djk-erlangen.de\/fussball\/index.php?rest_route=\/wp\/v2\/posts\/11776\/revisions\/11870"}],"wp:attachment":[{"href":"https:\/\/www.djk-erlangen.de\/fussball\/index.php?rest_route=%2Fwp%2Fv2%2Fmedia&parent=11776"}],"wp:term":[{"taxonomy":"category","embeddable":true,"href":"https:\/\/www.djk-erlangen.de\/fussball\/index.php?rest_route=%2Fwp%2Fv2%2Fcategories&post=11776"},{"taxonomy":"post_tag","embeddable":true,"href":"https:\/\/www.djk-erlangen.de\/fussball\/index.php?rest_route=%2Fwp%2Fv2%2Ftags&post=11776"}],"curies":[{"name":"wp","href":"https:\/\/api.w.org\/{rel}","templated":true}]}}