{"id":11755,"date":"2014-05-24T19:22:38","date_gmt":"2014-05-24T17:22:38","guid":{"rendered":"http:\/\/www.djk-erlangen.de\/fussball\/?p=11755"},"modified":"2014-05-24T19:22:38","modified_gmt":"2014-05-24T17:22:38","slug":"kleiner-daempfer-im-meisterschaftsrennen","status":"publish","type":"post","link":"https:\/\/www.djk-erlangen.de\/fussball\/?p=11755","title":{"rendered":"Kleiner D\u00e4mpfer im Meisterschaftsrennen"},"content":{"rendered":"<p>Am heutigen Samstag vormittag trafen wir zum letzen Heimspiel der Saison auf die Kicker vom VdS Spardorf. P\u00fcnktlich wurde die Begegnung durch den hervorragenden Referee angepfiffen. Mit Spielbeginn entwickelte sich ein packendes Spiel mit zahlreichen Chancen auf beiden Seiten.<br \/>\n<!--more--><\/p>\n<p>Ein Unterschied zwischen dem Tabellenf\u00fchrer und dem 7 platzierten war nicht auszumachen. Die Spardorfer standen clever und waren teilweise immer einen Schritt schneller am Ball. Alle Bem\u00fchungen dem Spiel seinen Stempel aufzudr\u00fccken wurden im Keim erstickt.<br \/>\nSo wechselte man auch mit einem torlosen Unentschieden die Seiten.<\/p>\n<p>Im zweiten Spielabschnitt wollten es dann die Wiesenwegbuben besser machen und den Matchball verwandeln. Leider wurden gute Einschu\u00dfm\u00f6glichkeiten nicht genutzt und wir konnten uns heute wiedermal bei unserem gl\u00e4nzend aufgelegten Torh\u00fcter bedanken, da\u00df der eine oder andere Angriff der G\u00e4ste nicht in was z\u00e4hlbares umgewandelt wurde.<br \/>\nIn der letzten Periode des Spiels hatten wir dann noch nach mehreren Ecken und aussichtsreichen Freisto\u00dfsituationen die M\u00f6glichkeit das Spiel f\u00fcr uns zu entscheiden. Leider blieb es nur bei den M\u00f6glichkeiten und das Spiel endete schon ein wenig \u00fcberraschend f\u00fcr uns mit einem torlosen Remis.<\/p>\n<p>So m\u00fcssen wir unsere letzte Chance auf die Meisterschaft am kommenden Freitag um 17:00 bei der SpVgg Etzelskirchen wahrnehmen um nach einer langen, kr\u00e4ftez\u00e4hrenden Saison am Ende auch ganz oben zu stehen.<\/p>\n<p>DJK Aufgebot:<br \/>\nLuis; Tim; Daniel; Ali-Alex; Oliver; Lorenz; Konstantin; Benedikt; Ben; Arijan; Timm; Sebastian<\/p>\n<p>Tore:<br \/>\nFehlanzeige<\/p>\n","protected":false},"excerpt":{"rendered":"<p>Am heutigen Samstag vormittag trafen wir zum letzen Heimspiel der Saison auf die Kicker vom VdS Spardorf. P\u00fcnktlich wurde die Begegnung durch den hervorragenden Referee angepfiffen. Mit Spielbeginn entwickelte sich ein packendes Spiel mit zahlreichen Chancen auf beiden Seiten.<\/p>\n","protected":false},"author":32,"featured_media":0,"comment_status":"open","ping_status":"closed","sticky":false,"template":"","format":"standard","meta":{"jetpack_post_was_ever_published":false,"_jetpack_newsletter_access":"","_jetpack_dont_email_post_to_subs":false,"_jetpack_newsletter_tier_id":0,"_jetpack_memberships_contains_paywalled_content":false,"_jetpack_memberships_contains_paid_content":false,"footnotes":"","jetpack_publicize_message":"","jetpack_publicize_feature_enabled":true,"jetpack_social_post_already_shared":true,"jetpack_social_options":{"image_generator_settings":{"template":"highway","default_image_id":0,"font":"","enabled":false},"version":2}},"categories":[35],"tags":[],"class_list":["post-11755","post","type-post","status-publish","format-standard","hentry","category-u13-d2"],"jetpack_publicize_connections":[],"jetpack_featured_media_url":"","jetpack_shortlink":"https:\/\/wp.me\/p2ZUr0-33B","jetpack_sharing_enabled":true,"_links":{"self":[{"href":"https:\/\/www.djk-erlangen.de\/fussball\/index.php?rest_route=\/wp\/v2\/posts\/11755","targetHints":{"allow":["GET"]}}],"collection":[{"href":"https:\/\/www.djk-erlangen.de\/fussball\/index.php?rest_route=\/wp\/v2\/posts"}],"about":[{"href":"https:\/\/www.djk-erlangen.de\/fussball\/index.php?rest_route=\/wp\/v2\/types\/post"}],"author":[{"embeddable":true,"href":"https:\/\/www.djk-erlangen.de\/fussball\/index.php?rest_route=\/wp\/v2\/users\/32"}],"replies":[{"embeddable":true,"href":"https:\/\/www.djk-erlangen.de\/fussball\/index.php?rest_route=%2Fwp%2Fv2%2Fcomments&post=11755"}],"version-history":[{"count":1,"href":"https:\/\/www.djk-erlangen.de\/fussball\/index.php?rest_route=\/wp\/v2\/posts\/11755\/revisions"}],"predecessor-version":[{"id":11757,"href":"https:\/\/www.djk-erlangen.de\/fussball\/index.php?rest_route=\/wp\/v2\/posts\/11755\/revisions\/11757"}],"wp:attachment":[{"href":"https:\/\/www.djk-erlangen.de\/fussball\/index.php?rest_route=%2Fwp%2Fv2%2Fmedia&parent=11755"}],"wp:term":[{"taxonomy":"category","embeddable":true,"href":"https:\/\/www.djk-erlangen.de\/fussball\/index.php?rest_route=%2Fwp%2Fv2%2Fcategories&post=11755"},{"taxonomy":"post_tag","embeddable":true,"href":"https:\/\/www.djk-erlangen.de\/fussball\/index.php?rest_route=%2Fwp%2Fv2%2Ftags&post=11755"}],"curies":[{"name":"wp","href":"https:\/\/api.w.org\/{rel}","templated":true}]}}