{"id":11726,"date":"2014-05-19T00:25:35","date_gmt":"2014-05-18T22:25:35","guid":{"rendered":"http:\/\/www.djk-erlangen.de\/fussball\/?p=11726"},"modified":"2014-05-19T00:26:42","modified_gmt":"2014-05-18T22:26:42","slug":"fc-herzogenaurach-ah-djk-erlangen-ah-31-samstag-17-mai-2014-1700h","status":"publish","type":"post","link":"https:\/\/www.djk-erlangen.de\/fussball\/?p=11726","title":{"rendered":"FC Herzogenaurach AH &#8211; DJK Erlangen AH  .:. <strong>3:1<\/strong> .:.<h5>Samstag, 17. Mai 2014 | 17:00h<\/h5>"},"content":{"rendered":"<p>Das letzte Aufgebot &#8230; so k\u00f6nnte man die Ah &#8211; Mannschaft am Samstag beim Spiel gegen den FC Herzogenaurach AH bezeichnen. Aufgrund von Verletzungen und sonstige Ausf\u00e4lle eh gerade so mit 11 Spielern unter der Woche in das Rennen gegangen gab es am Samstag noch eine kurzfristige Absage. Eine Spielabsage kam zu diesem Zeitpunkt jedoch nicht mehr in Frage. <!--more--><!--more--><!--more-->Nach einigen Telefonaten konnten noch zwei Ersatzspieler gefunden werden, so dass wir sogar noch einen Auswechselspieler zur Verf\u00fcgung hatten. Das Spiel konnte somit beim FC Herzogenaurach unter besten Bedingungen beginnen. Stefans S., Geburtstagskind und beim Gegner wohl bekannt \u00fcbernahm das schwere Amt des Spielf\u00fchrers. Es zeigt sich sehr schnell, dass der Gegner sich spielerisch auf hohen Niveau bewegte. Wir versuchten aus einer geordneten Abwehr spielerisch dagegen zu halten. Dies gelang uns zu Beginn relativ gut. Wobei sich unsere Chancen meist auf Sch\u00fcssen aus der zweiten Reihe beschr\u00e4nkten. Hinten konnte unser Torh\u00fcter Basti M. einige Sch\u00fcsse des Gegner gut parieren. Trotzdem mussten wir Mitte der ersten Halbzeit den ersten Gegentreffer hinnehmen. Diesen lie\u00df der Gegner kurz darauf den zweiten Treffer folgen. Doch ohne Gegenwehr wollten wir nicht in die erste Halbzeit gehen. Eine Unachtsamkeit des gegnerischen Torh\u00fcters nutzte Stefan S. um f\u00fcr uns auf 1:2 zu verk\u00fcrzen.<\/p>\n<p>Die zweite Halbzeit konnten wir relative ausgeglichen gestalten. Nat\u00fcrlich kam der Gegner aufgrund seiner spielerischen Qualit\u00e4ten zu Gelegenheiten. Keine war aber zwingend genug um noch ein Tor zu erzielen. Leider sah es bei uns aber in der Vorw\u00e4rtsbewegung auch nicht wesentlich besser auch. Wir kamen zwar noch zu eins, zwei guten Gelegenheiten, aber ein Tor war leider nicht mehr m\u00f6glich. So kam es dann wie es kommen musste. Eine Flanke des Gegner wurde von uns ungl\u00fccklich in das eigene Tor ab gef\u00e4lscht .<\/p>\n<p>Leider verloren. Aber wenn man sich die Situation um Samstag Mittag vor Augen h\u00e4lt, dann geht da in den kommenden Spielen noch was.<\/p>\n<p>&nbsp;<\/p>\n","protected":false},"excerpt":{"rendered":"<p>Das letzte Aufgebot &#8230; so k\u00f6nnte man die Ah &#8211; Mannschaft am Samstag beim Spiel gegen den FC Herzogenaurach AH bezeichnen. Aufgrund von Verletzungen und sonstige Ausf\u00e4lle eh gerade so mit 11 Spielern unter der Woche in das Rennen gegangen &hellip; <a href=\"https:\/\/www.djk-erlangen.de\/fussball\/?p=11726\">Weiterlesen <span class=\"meta-nav\">&rarr;<\/span><\/a><\/p>\n","protected":false},"author":4,"featured_media":0,"comment_status":"open","ping_status":"closed","sticky":false,"template":"","format":"standard","meta":{"jetpack_post_was_ever_published":false,"_jetpack_newsletter_access":"","_jetpack_dont_email_post_to_subs":false,"_jetpack_newsletter_tier_id":0,"_jetpack_memberships_contains_paywalled_content":false,"_jetpack_memberships_contains_paid_content":false,"footnotes":"","jetpack_publicize_message":"","jetpack_publicize_feature_enabled":true,"jetpack_social_post_already_shared":true,"jetpack_social_options":{"image_generator_settings":{"template":"highway","default_image_id":0,"font":"","enabled":false},"version":2}},"categories":[4],"tags":[52,21,20],"class_list":["post-11726","post","type-post","status-publish","format-standard","hentry","category-ah","tag-ah","tag-aktuell","tag-djk"],"jetpack_publicize_connections":[],"jetpack_featured_media_url":"","jetpack_shortlink":"https:\/\/wp.me\/p2ZUr0-338","jetpack_sharing_enabled":true,"_links":{"self":[{"href":"https:\/\/www.djk-erlangen.de\/fussball\/index.php?rest_route=\/wp\/v2\/posts\/11726","targetHints":{"allow":["GET"]}}],"collection":[{"href":"https:\/\/www.djk-erlangen.de\/fussball\/index.php?rest_route=\/wp\/v2\/posts"}],"about":[{"href":"https:\/\/www.djk-erlangen.de\/fussball\/index.php?rest_route=\/wp\/v2\/types\/post"}],"author":[{"embeddable":true,"href":"https:\/\/www.djk-erlangen.de\/fussball\/index.php?rest_route=\/wp\/v2\/users\/4"}],"replies":[{"embeddable":true,"href":"https:\/\/www.djk-erlangen.de\/fussball\/index.php?rest_route=%2Fwp%2Fv2%2Fcomments&post=11726"}],"version-history":[{"count":2,"href":"https:\/\/www.djk-erlangen.de\/fussball\/index.php?rest_route=\/wp\/v2\/posts\/11726\/revisions"}],"predecessor-version":[{"id":11728,"href":"https:\/\/www.djk-erlangen.de\/fussball\/index.php?rest_route=\/wp\/v2\/posts\/11726\/revisions\/11728"}],"wp:attachment":[{"href":"https:\/\/www.djk-erlangen.de\/fussball\/index.php?rest_route=%2Fwp%2Fv2%2Fmedia&parent=11726"}],"wp:term":[{"taxonomy":"category","embeddable":true,"href":"https:\/\/www.djk-erlangen.de\/fussball\/index.php?rest_route=%2Fwp%2Fv2%2Fcategories&post=11726"},{"taxonomy":"post_tag","embeddable":true,"href":"https:\/\/www.djk-erlangen.de\/fussball\/index.php?rest_route=%2Fwp%2Fv2%2Ftags&post=11726"}],"curies":[{"name":"wp","href":"https:\/\/api.w.org\/{rel}","templated":true}]}}