{"id":11648,"date":"2014-04-11T20:42:01","date_gmt":"2014-04-11T18:42:01","guid":{"rendered":"http:\/\/www.djk-erlangen.de\/fussball\/?p=11648"},"modified":"2014-04-11T20:42:01","modified_gmt":"2014-04-11T18:42:01","slug":"viel-kampf-um-wichtige-punkte","status":"publish","type":"post","link":"https:\/\/www.djk-erlangen.de\/fussball\/?p=11648","title":{"rendered":"viel Kampf um wichtige Punkte"},"content":{"rendered":"<p>Am heutige Freitag Nachmittag f\u00fchrte uns der Weg ein bisschen an den Fu\u00dfe der Fr\u00e4nkischen Schweiz zu\u00a0 der Jugendf\u00f6rdergemeinschaft Regnitztal. Gespielt wurde auf dem wundersch\u00f6nen gr\u00fcnen Rasen in Poxdorf.<br \/>\nBei bestem Fu\u00dfballwetter auf hervorragendem Gel\u00e4uf war mit dem Anpfiff sofort klar, da\u00df hier im Spaziergang nichts zu holen sein wird.<\/p>\n<p><!--more--><\/p>\n<p>Die Gastgeber versuchten sofort das Heft in die Hand zu nehmen und spielten mehrmals gef\u00e4hrlich ihren 188 cm gro\u00dfen St\u00fcrmer den Ball in den Lauf. Hatten wir zu Beginn der Partie noch etwas Respekt und auch kein Mittel diesen gro\u00df aufgewachsenen Jugendlichen in den Griff zu bekommen war es auch schon passiert. Einen erneut langen Ball nutzte der Leuchtturm und \u00fcberlief unseren gesamten Defensiverbund und konnte so die Seinigen in Front bringen.<\/p>\n<p>Mit zunehmendem Spielverlauf bekamen wir dann den Langen und das Spiel immer mehr in den Griff und erarbeiteten uns auch die eine oder Chance. Leider sprang aus der leichten Feld\u00fcberlegenheit bis dato nichts z\u00e4hlbares heraus und so<br \/>\nwechselte man mit dem knappen R\u00fcckstand die Seiten.<\/p>\n<p>Im zweiten Spielabschnitt \u00fcbernahmen wir dann von der ersten Minute an die Initiative und fanden \u00fcber den unerbittlichen Kampf zur\u00fcck ins Spiel. Phasenweise konnten die Gastgeber den Ball nur noch durch blindes herausschlagen aus der Gefahrenzone entsch\u00e4rfen. Mit zunehmender Spieldauer dr\u00e4ngten wir auf den Ausgleich, nur wollten die zahlreichen Chancen irgendwie nicht im gegnerischen Geh\u00e4use landen. In der 42. Spielminute pa\u00dfte Benedikt einen sch\u00f6nen Pa\u00df genau<br \/>\nin die Schnittstelle auf Arijan. Dieser wurde jedoch dann beim Torschu\u00dfversuch an der Strafraumgrenze unsanft von den Beinen geholt. Somit ein ganz klarer Strafsto\u00df.<\/p>\n<p>Nachdem der gefoulte selbst nicht mehr schie\u00dfen soll, \u00fcbernahm unser 5er die Verantwortung. Unhaltbar verwandelte Oliver den Strafsto\u00df zum vielumjubelten Ausgleich. Von nun an wollten beide Mannschaften eine Entscheidung und es entwickelte sich eine kampfbetonte aber stets faire hochklassige Partie mit viel Laufbereitschaft auf beiden Seiten. Nachdem wir die Angriffsbem\u00fchungen der JFG ein um andere mal im Keim ersticken konnten, bekamen die Weichbuben auch wieder etwas mehr Oberwasser und erzielten in der st\u00e4rksten Phase des Spiels nicht unverdient durch Ben die 2:1 F\u00fchrung in der 53. Minute.<\/p>\n<p>Wer jetzt meinte das Ergebnis nachhause schauckeln zu k\u00f6nnen, sah sich get\u00e4uscht. Die Gastgeber mobilisierten nochmals alle Kr\u00e4fte und dr\u00e4ngten mit Gewalt auf den Ausgleich. Dieser gelang dann auch, jedoch aus leicht Abseits verd\u00e4chtigter Position.<\/p>\n<p>Eigentlich waren die zahlreichen Zuschauer mit dem leistungsgerechten Unentschieden schon zufrieden, eh beim letzten Angriff der Wiesenwegbuben \u00fcber rechts Florian 20 Meter vor dem gegnerischen Geh\u00e4use nur durch ein Foul zu stoppen war.<\/p>\n<p>Oliver legte sich die Kugel zurecht und verwandelte den Freisto\u00df unhaltbar zum vielumjubelten 3:2 Siegtreffer f\u00fcr die Wiesenwegbuben. Mit seinen beiden Treffer war Oliver zweifelsohne der &#8222;Man of the Match&#8220; und belohnte sich und die gesamte Mannschaft mit diesem dann doch verdienten Ausw\u00e4rtsdreier.<\/p>\n<p>Somit haben wir mit viel Kampf 3 wichtige Punkte im Meisterschaftsrennen eingefahren und haben nach wievor alles in der eigenen Hand!<\/p>\n<p><span style=\"text-decoration: underline;\"><strong>DJK Aufgebot:<\/strong><\/span><br \/>\nLuis; Tim; Daniel; Ali-Alex; Oliver; Lorenz; Konstantin; Benedikt; Ben; Arijan; Erik; Forian<\/p>\n<p><span style=\"text-decoration: underline;\"><strong>Tore:<\/strong><\/span><br \/>\nOliver (2); Ben (1)<\/p>\n","protected":false},"excerpt":{"rendered":"<p>Am heutige Freitag Nachmittag f\u00fchrte uns der Weg ein bisschen an den Fu\u00dfe der Fr\u00e4nkischen Schweiz zu\u00a0 der Jugendf\u00f6rdergemeinschaft Regnitztal. Gespielt wurde auf dem wundersch\u00f6nen gr\u00fcnen Rasen in Poxdorf. Bei bestem Fu\u00dfballwetter auf hervorragendem Gel\u00e4uf war mit dem Anpfiff sofort &hellip; <a href=\"https:\/\/www.djk-erlangen.de\/fussball\/?p=11648\">Weiterlesen <span class=\"meta-nav\">&rarr;<\/span><\/a><\/p>\n","protected":false},"author":32,"featured_media":0,"comment_status":"open","ping_status":"closed","sticky":false,"template":"","format":"standard","meta":{"jetpack_post_was_ever_published":false,"_jetpack_newsletter_access":"","_jetpack_dont_email_post_to_subs":false,"_jetpack_newsletter_tier_id":0,"_jetpack_memberships_contains_paywalled_content":false,"_jetpack_memberships_contains_paid_content":false,"footnotes":"","jetpack_publicize_message":"","jetpack_publicize_feature_enabled":true,"jetpack_social_post_already_shared":true,"jetpack_social_options":{"image_generator_settings":{"template":"highway","default_image_id":0,"font":"","enabled":false},"version":2}},"categories":[35],"tags":[],"class_list":["post-11648","post","type-post","status-publish","format-standard","hentry","category-u13-d2"],"jetpack_publicize_connections":[],"jetpack_featured_media_url":"","jetpack_shortlink":"https:\/\/wp.me\/p2ZUr0-31S","jetpack_sharing_enabled":true,"_links":{"self":[{"href":"https:\/\/www.djk-erlangen.de\/fussball\/index.php?rest_route=\/wp\/v2\/posts\/11648","targetHints":{"allow":["GET"]}}],"collection":[{"href":"https:\/\/www.djk-erlangen.de\/fussball\/index.php?rest_route=\/wp\/v2\/posts"}],"about":[{"href":"https:\/\/www.djk-erlangen.de\/fussball\/index.php?rest_route=\/wp\/v2\/types\/post"}],"author":[{"embeddable":true,"href":"https:\/\/www.djk-erlangen.de\/fussball\/index.php?rest_route=\/wp\/v2\/users\/32"}],"replies":[{"embeddable":true,"href":"https:\/\/www.djk-erlangen.de\/fussball\/index.php?rest_route=%2Fwp%2Fv2%2Fcomments&post=11648"}],"version-history":[{"count":1,"href":"https:\/\/www.djk-erlangen.de\/fussball\/index.php?rest_route=\/wp\/v2\/posts\/11648\/revisions"}],"predecessor-version":[{"id":11649,"href":"https:\/\/www.djk-erlangen.de\/fussball\/index.php?rest_route=\/wp\/v2\/posts\/11648\/revisions\/11649"}],"wp:attachment":[{"href":"https:\/\/www.djk-erlangen.de\/fussball\/index.php?rest_route=%2Fwp%2Fv2%2Fmedia&parent=11648"}],"wp:term":[{"taxonomy":"category","embeddable":true,"href":"https:\/\/www.djk-erlangen.de\/fussball\/index.php?rest_route=%2Fwp%2Fv2%2Fcategories&post=11648"},{"taxonomy":"post_tag","embeddable":true,"href":"https:\/\/www.djk-erlangen.de\/fussball\/index.php?rest_route=%2Fwp%2Fv2%2Ftags&post=11648"}],"curies":[{"name":"wp","href":"https:\/\/api.w.org\/{rel}","templated":true}]}}