{"id":11639,"date":"2014-04-06T22:57:06","date_gmt":"2014-04-06T20:57:06","guid":{"rendered":"http:\/\/www.djk-erlangen.de\/fussball\/?p=11639"},"modified":"2014-04-06T23:01:56","modified_gmt":"2014-04-06T21:01:56","slug":"tsv-neunkirchen-kleinsendelbach-ah-djk-erlangen-ah-11-freitag-4-april-2014-1900h","status":"publish","type":"post","link":"https:\/\/www.djk-erlangen.de\/fussball\/?p=11639","title":{"rendered":"TSV Neunkirchen \/ Kleinsendelbach AH &#8211; DJK Erlangen AH  .:. <strong>1:1<\/strong> .:.<h5>Freitag, 4. April 2014 | 19:00h<\/h5>"},"content":{"rendered":"<p>Nachdem wir unser erstes Spiel der neuen AH-Saison letzte Woche absagen mussten, trafen wir am Freitag um 19:00 Uhr in Kleinsendelbach auf die AH &#8211; Mannschaft von Neunkirchen \/ Kleinsendelbach. Auch diese Spiel stand auf der Kippe,<!--more--> letztendlich wurden jedoch 12 Spieler gefunden. Eigentlich, denn kurz vor Spielbeginn musste Stefan S. noch kurzfristig absagen. So mussten wir aufgrund fehlender Wechselm\u00f6glichkeiten unsere Taktik etwas umstellen. Wir versuchten aus einer kompakten Abwehr \u00fcber ein breites Mittelfeld mit nur einer Sturmspitze in Person von Wolfi P. zum Erfolg zu kommen. Getreu nach dem Motto: \u201eHinten dicht machen und vorne hilft uns der Fu\u00dfballgott\u201c. Nat\u00fcrlich in der Hoffnung vielleicht den einen oder anderen Konter setzen zu k\u00f6nnen.<\/p>\n<p>So spielte sich der Beginn der Partie auch \u00fcberwiegend in unserer H\u00e4lfte ab. Jedoch wurde relativ sicher der Ball in den eigenen Reihen gehalten, so dass der Gegner nicht wirklich gef\u00e4hrlich zum Abschluss kam. Unsere Konterm\u00f6glichkeiten hielten sich in Grenzen, jedoch deutete Wolfi P. seinen heutigen Zug zum Tor mit einem ersten Schuss an.<\/p>\n<p>Und dann half er uns, der Fu\u00dfballgott. Einer sch\u00f6nen Kombination im Mittelfeld folgte der Fl\u00fcgellauf von Marcus F. auf der rechten Seite. Vorbildlich zog er mit Maximalgeschwindigkeit bis auf die Grundlinie um dann eine scharfe Flanke direkt auf den Elfer zu schlagen. Und da stand er, Wolfgang P.! Per Kopf wuchtete der die Lederkugel unter die Latte. Der gegnerische Torwart war geschlagen und musste den Ball zum 1:0 f\u00fcr uns aus dem Netz holen.<\/p>\n<p>Im weiteren Verlauf des Spieles kam der Gegner nat\u00fcrlich schon zu mancher Gelegenheit. Diese wurden aber alle von der gut postierten Abwehr oder vom gl\u00e4nzend aufgelegten Torh\u00fcter Basti S. vereitelt.<\/p>\n<p>So gingen wir mit 1:0 in die Halbzeitpause. Uns war klar, dass der Gegner in der zweiten Halbzeit alles auf eine Karte setzen w\u00fcrde um eine m\u00f6gliche Niederlage zu verhindern. Zudem zeigte sich noch ein anderes Problem. Die Dunkelheit. Die Flutlichtanlage in Kleinsendelbach funktionierte leider nicht und damit verschlechterten sich die Sichtverh\u00e4ltnisse von Minute zu Minute. Wir standen zunehmend unter Druck, zumal der Gegner in Form eines jungen, dynamischen Mittelst\u00fcrmers noch ein Ass aus dem nicht vorhandenen \u00c4rmel zog.<\/p>\n<p>Jedoch stand die Null! Auf der Habenseite in der zweiten Halbzeit muss ein stramm geschossener Freisto\u00df aus mindestens 25, ja vielleicht 35 Metern von Matze E. genannt werden. Nach bester Wembley-Manier prallte der Ball an die Unterseite der Latte und sprang vor oder hinter der Torlinie wieder heraus. Der Schiedsrichter, welcher \u00fcbrigens von der gegnerischen Mannschaft gestellt wurde (aber dazu noch kommen wir noch), sah den Ball klar vor der Linie. Den Nachschuss von Harry W. aus k\u00fcrzester Distanz konnte der G\u00e4stetorwart dagegen parieren.<\/p>\n<p>Nun, der Schiedsrichter. Mittlerweile war es fast komplett dunkel. Nur so ist es wohl zu erkl\u00e4ren, dass der Schiedsrichter nach einem Allerweltszweikampf pfiff und gegen uns auf den Elfmeterpunkt zeigte. Der Rest ist schnell berichtet. Der Gegner lie\u00df sich diese Chance nicht entgehen und verwandelte sicher zum Ausgleich.<\/p>\n<p>Dieses Unentschieden konnten wir jedoch dann sicher in die Dunkelheit und damit bis zum Spielende retten. In Summe doch ein Auftakt, welcher Mut f\u00fcr die weiteren Spiele machen sollte.<\/p>\n<p>&nbsp;<\/p>\n<p>&nbsp;<\/p>\n","protected":false},"excerpt":{"rendered":"<p>Nachdem wir unser erstes Spiel der neuen AH-Saison letzte Woche absagen mussten, trafen wir am Freitag um 19:00 Uhr in Kleinsendelbach auf die AH &#8211; Mannschaft von Neunkirchen \/ Kleinsendelbach. Auch diese Spiel stand auf der Kippe,<\/p>\n","protected":false},"author":4,"featured_media":0,"comment_status":"open","ping_status":"closed","sticky":false,"template":"","format":"standard","meta":{"jetpack_post_was_ever_published":false,"_jetpack_newsletter_access":"","_jetpack_dont_email_post_to_subs":false,"_jetpack_newsletter_tier_id":0,"_jetpack_memberships_contains_paywalled_content":false,"_jetpack_memberships_contains_paid_content":false,"footnotes":"","jetpack_publicize_message":"","jetpack_publicize_feature_enabled":true,"jetpack_social_post_already_shared":true,"jetpack_social_options":{"image_generator_settings":{"template":"highway","default_image_id":0,"font":"","enabled":false},"version":2}},"categories":[4],"tags":[52,21,20],"class_list":["post-11639","post","type-post","status-publish","format-standard","hentry","category-ah","tag-ah","tag-aktuell","tag-djk"],"jetpack_publicize_connections":[],"jetpack_featured_media_url":"","jetpack_shortlink":"https:\/\/wp.me\/p2ZUr0-31J","jetpack_sharing_enabled":true,"_links":{"self":[{"href":"https:\/\/www.djk-erlangen.de\/fussball\/index.php?rest_route=\/wp\/v2\/posts\/11639","targetHints":{"allow":["GET"]}}],"collection":[{"href":"https:\/\/www.djk-erlangen.de\/fussball\/index.php?rest_route=\/wp\/v2\/posts"}],"about":[{"href":"https:\/\/www.djk-erlangen.de\/fussball\/index.php?rest_route=\/wp\/v2\/types\/post"}],"author":[{"embeddable":true,"href":"https:\/\/www.djk-erlangen.de\/fussball\/index.php?rest_route=\/wp\/v2\/users\/4"}],"replies":[{"embeddable":true,"href":"https:\/\/www.djk-erlangen.de\/fussball\/index.php?rest_route=%2Fwp%2Fv2%2Fcomments&post=11639"}],"version-history":[{"count":3,"href":"https:\/\/www.djk-erlangen.de\/fussball\/index.php?rest_route=\/wp\/v2\/posts\/11639\/revisions"}],"predecessor-version":[{"id":11642,"href":"https:\/\/www.djk-erlangen.de\/fussball\/index.php?rest_route=\/wp\/v2\/posts\/11639\/revisions\/11642"}],"wp:attachment":[{"href":"https:\/\/www.djk-erlangen.de\/fussball\/index.php?rest_route=%2Fwp%2Fv2%2Fmedia&parent=11639"}],"wp:term":[{"taxonomy":"category","embeddable":true,"href":"https:\/\/www.djk-erlangen.de\/fussball\/index.php?rest_route=%2Fwp%2Fv2%2Fcategories&post=11639"},{"taxonomy":"post_tag","embeddable":true,"href":"https:\/\/www.djk-erlangen.de\/fussball\/index.php?rest_route=%2Fwp%2Fv2%2Ftags&post=11639"}],"curies":[{"name":"wp","href":"https:\/\/api.w.org\/{rel}","templated":true}]}}