{"id":11617,"date":"2014-03-29T17:02:22","date_gmt":"2014-03-29T16:02:22","guid":{"rendered":"http:\/\/www.djk-erlangen.de\/fussball\/?p=11617"},"modified":"2014-03-29T18:48:41","modified_gmt":"2014-03-29T17:48:41","slug":"zurueck-in-der-erfolgsspur","status":"publish","type":"post","link":"https:\/\/www.djk-erlangen.de\/fussball\/?p=11617","title":{"rendered":"Zur\u00fcck in der Erfolgsspur"},"content":{"rendered":"<p>Bei herrlichen fr\u00fchsommerlichen Temperaturen f\u00fchrte die Wiesenwegbuben heute der Weg in die Nachbarschaft zu den Kickern von der Schallershofer Stra\u00dfe. Rechtzeitig zum Treffpunkt war alles was noch einigerma\u00dfen gerade auslaufen konnte vor Ort um sich auf die Begegnung vorzubereiten.<br \/>\n<!--more-->Der sehr gut leitende Referee piff die Partie p\u00fcnktlich an und wir hatten in der Anfangsphase das eine oder andere Abstimmungsproblem. So dauerte es bis zur 17. Spielminute ehe Oliver mit einem sehenswerten Distanzschu\u00df die Weich Sch\u00fctzlinge in F\u00fchrung brachte.<br \/>\nDieser Treffer sorgte f\u00fcr mehr Ruhe in unserem Spiel und die Kombinationen wurden mit zunehmender Spieldauer immer fl\u00fc\u00dfiger. Leider konnten wir die zahlreichen Chancen nicht nutzen und so wechselte man mit der knappen F\u00fchrung die Seiten.<\/p>\n<p>Im zweiten Spielabschnitt wollten wir dann unbedingt die Entscheidung und gingen gegen die Froscher erheblich konzentrierter zu Werke. Der Lohn daf\u00fcr war dann auch gleich ein Doppelschlag in der 32. und 33. Spielminute durch unseren Toptorj\u00e4ger Arijan und Dauerl\u00e4ufer Lorenz.<\/p>\n<p>Durch diese beiden Treffer waren die Gastgeber sichtlich konsterniert und von nun an ging bei der Heimmannschaft so gut wie nichts mehr zusammen. Folgerichtig erh\u00f6hten wir durch Ben in der 38. Spielminute und erneut Arijan in der 39. Spielminute auf 5:0 f\u00fcr unsere Farben.<\/p>\n<p>Mit zunehmender Spieldauer konnten sich die Gastgeber bei Ihrem Torh\u00fcter bedanken, der durch zahlreiche Glanzparaden die Seinigen vor einem deutlich h\u00f6heren R\u00fcckstand bewahrte. F\u00fcr den Schlu\u00dfpunkt dieser dann doch recht einseitigen Partie sorgte unser Captano Konstantin mit einem sch\u00f6nen Treffer zum 6:0. Somit war das halbe Dutzend voll und die Truppe zur\u00fcck in der Erfolgsspur! Mit 3 Punkten im Gep\u00e4ck konnten wir dann den Heimweg an den Wiesengrund antreten.<br \/>\nEinziger Wehrmutstropfen war die schwere Verletzung unseres Keepers in der Schlu\u00dfphase, der die n\u00e4chsten Wochen wohl ausfallen wird.<\/p>\n<p><strong>DJK Aufgebot:<\/strong><br \/>\nLuis; Tim; Daniel; Ali-Alex; Oliver; Lorenz; Konstantin; Ben; Arijan; Timm; Erik<\/p>\n<p><strong>Tore:<\/strong><br \/>\nAri (2); Ben (1); Oli (1); Lorenz (1); Konsti (1)<\/p>\n","protected":false},"excerpt":{"rendered":"<p>Bei herrlichen fr\u00fchsommerlichen Temperaturen f\u00fchrte die Wiesenwegbuben heute der Weg in die Nachbarschaft zu den Kickern von der Schallershofer Stra\u00dfe. Rechtzeitig zum Treffpunkt war alles was noch einigerma\u00dfen gerade auslaufen konnte vor Ort um sich auf die Begegnung vorzubereiten.<\/p>\n","protected":false},"author":32,"featured_media":0,"comment_status":"open","ping_status":"closed","sticky":false,"template":"","format":"standard","meta":{"jetpack_post_was_ever_published":false,"_jetpack_newsletter_access":"","_jetpack_dont_email_post_to_subs":false,"_jetpack_newsletter_tier_id":0,"_jetpack_memberships_contains_paywalled_content":false,"_jetpack_memberships_contains_paid_content":false,"footnotes":"","jetpack_publicize_message":"","jetpack_publicize_feature_enabled":true,"jetpack_social_post_already_shared":true,"jetpack_social_options":{"image_generator_settings":{"template":"highway","default_image_id":0,"font":"","enabled":false},"version":2}},"categories":[1,35],"tags":[],"class_list":["post-11617","post","type-post","status-publish","format-standard","hentry","category-allgemein","category-u13-d2"],"jetpack_publicize_connections":[],"jetpack_featured_media_url":"","jetpack_shortlink":"https:\/\/wp.me\/p2ZUr0-31n","jetpack_sharing_enabled":true,"_links":{"self":[{"href":"https:\/\/www.djk-erlangen.de\/fussball\/index.php?rest_route=\/wp\/v2\/posts\/11617","targetHints":{"allow":["GET"]}}],"collection":[{"href":"https:\/\/www.djk-erlangen.de\/fussball\/index.php?rest_route=\/wp\/v2\/posts"}],"about":[{"href":"https:\/\/www.djk-erlangen.de\/fussball\/index.php?rest_route=\/wp\/v2\/types\/post"}],"author":[{"embeddable":true,"href":"https:\/\/www.djk-erlangen.de\/fussball\/index.php?rest_route=\/wp\/v2\/users\/32"}],"replies":[{"embeddable":true,"href":"https:\/\/www.djk-erlangen.de\/fussball\/index.php?rest_route=%2Fwp%2Fv2%2Fcomments&post=11617"}],"version-history":[{"count":5,"href":"https:\/\/www.djk-erlangen.de\/fussball\/index.php?rest_route=\/wp\/v2\/posts\/11617\/revisions"}],"predecessor-version":[{"id":11623,"href":"https:\/\/www.djk-erlangen.de\/fussball\/index.php?rest_route=\/wp\/v2\/posts\/11617\/revisions\/11623"}],"wp:attachment":[{"href":"https:\/\/www.djk-erlangen.de\/fussball\/index.php?rest_route=%2Fwp%2Fv2%2Fmedia&parent=11617"}],"wp:term":[{"taxonomy":"category","embeddable":true,"href":"https:\/\/www.djk-erlangen.de\/fussball\/index.php?rest_route=%2Fwp%2Fv2%2Fcategories&post=11617"},{"taxonomy":"post_tag","embeddable":true,"href":"https:\/\/www.djk-erlangen.de\/fussball\/index.php?rest_route=%2Fwp%2Fv2%2Ftags&post=11617"}],"curies":[{"name":"wp","href":"https:\/\/api.w.org\/{rel}","templated":true}]}}