{"id":11603,"date":"2014-03-22T16:52:12","date_gmt":"2014-03-22T15:52:12","guid":{"rendered":"http:\/\/www.djk-erlangen.de\/fussball\/?p=11603"},"modified":"2014-03-24T16:44:32","modified_gmt":"2014-03-24T15:44:32","slug":"herber-daempfer-im-kampf-um-die-meisterschaft","status":"publish","type":"post","link":"https:\/\/www.djk-erlangen.de\/fussball\/?p=11603","title":{"rendered":"Herber D\u00e4mpfer im Kampf um die Meisterschaft"},"content":{"rendered":"<p>Bei na\u00dfkaltem Wetter durften wir heute in den Osten der Stadt reisen, um gegen die neuformierte 3. Mannschaft der SpVgg Erlangen anzutreten. Vorsicht war geboten, da es der einzige Gegner war, der uns in der Hinrunde\u00a0bezwingen konnte.<\/p>\n<p><!--more--><\/p>\n<p>Jedoch war es eine ganz andere Mannschaft, da diese intern einen Tausch vorgenommen hatten und so f\u00fcr uns die gro\u00dfe Unbekannte war. Erstmalig durften wir auf dem A-Platz bei der Spieli unserem Sport nachgehen. Es entwickelte sich\u00a0ein packendes und spannendes Spiel, in dem wir mehrere klare Chancen durch unseren heute gl\u00e4nzend aufgelegten B\u00fcffel leider nicht nutzen konnten. So wurden wir in der 21. Spielminute bitter bestraft und der Gastgeber ging durch seinen Leuchtturm (gef\u00fchlte 2m gro\u00df) zu diesem Zeitpunkt eigentlich unverdient in F\u00fchrung. Mit diesem knappen R\u00fcckstand wechselte man auch die Seiten.<\/p>\n<p>Im zweiten Spielabschnitt wollten wir \u00fcber den Kampf das Spiel noch biegen, doch leider war unsere Abwehr anscheinend noch beim Pausentee und so konnte die Spieli den ersten Angriff nutzen und das Resultat auf 2:0 erh\u00f6hen. Dieses Tor war ein richtiger Nackenschlag f\u00fcr die Wiesenwegbuben und es dauerte gut und gerne 10 Minuten, bis wir uns wieder gefangen hatten. Ein sch\u00f6ner Schlenzer von Arijan verfehlte das Geh\u00e4use nur knapp. Weitere Pfostensch\u00fcsse von Ben und B\u00fcffel Benedikt\u00a0 verhinderten den Anschlusstreffer. Als wir dann alles auf eine Karte setzten, um zumindest einen Punkt zu retten, wurden wir durch einen Gegensto\u00df ausgehebelt und der Angreifer konnte nur durch ein taktisches Foul gebremst werden. Der daraus resultierende Freisto\u00df wurde unhaltbar direkt zum 3:0 f\u00fcr die Heimkicker verwandelt.<\/p>\n<p>Somit war am heutigen Tag die Messe fr\u00fchzeitig gelesen und den vierten Treffer kassierten wir aus reiner Resignation. Auch wenn das Ergebnis eine deutliche Sprache spricht, aber um 4 Tore schlechter waren wir heute definitiv nicht!<br \/>\nSomit haben wir zwar im Kampf um die Meisterschaft einen herben D\u00e4mpfer erlitten, k\u00f6nnen es aber in den n\u00e4chsten Wochen aus eigener Kraft schaffen, diesen Ausrutscher zu egalisieren.<\/p>\n<p><span style=\"color: #000000;\"><strong><span style=\"text-decoration: underline;\"><span style=\"text-decoration: underline;\">DJK-Aufgebot:<\/span><\/span><\/strong><\/span><br \/>\nLuis; Tim; Daniel; Ali-Alex; Oliver; Lorenz; Konstantin, Benedikt; Ben; Arijan; Florian<\/p>\n<p><span style=\"text-decoration: underline;\"><strong>DJK-Tore:<\/strong><\/span><br \/>\nFehlanzeige<\/p>\n<p>&nbsp;<\/p>\n","protected":false},"excerpt":{"rendered":"<p>Bei na\u00dfkaltem Wetter durften wir heute in den Osten der Stadt reisen, um gegen die neuformierte 3. Mannschaft der SpVgg Erlangen anzutreten. Vorsicht war geboten, da es der einzige Gegner war, der uns in der Hinrunde\u00a0bezwingen konnte.<\/p>\n","protected":false},"author":32,"featured_media":0,"comment_status":"open","ping_status":"closed","sticky":false,"template":"","format":"standard","meta":{"jetpack_post_was_ever_published":false,"_jetpack_newsletter_access":"","_jetpack_dont_email_post_to_subs":false,"_jetpack_newsletter_tier_id":0,"_jetpack_memberships_contains_paywalled_content":false,"_jetpack_memberships_contains_paid_content":false,"footnotes":"","jetpack_publicize_message":"","jetpack_publicize_feature_enabled":true,"jetpack_social_post_already_shared":true,"jetpack_social_options":{"image_generator_settings":{"template":"highway","default_image_id":0,"font":"","enabled":false},"version":2}},"categories":[35],"tags":[],"class_list":["post-11603","post","type-post","status-publish","format-standard","hentry","category-u13-d2"],"jetpack_publicize_connections":[],"jetpack_featured_media_url":"","jetpack_shortlink":"https:\/\/wp.me\/p2ZUr0-319","jetpack_sharing_enabled":true,"_links":{"self":[{"href":"https:\/\/www.djk-erlangen.de\/fussball\/index.php?rest_route=\/wp\/v2\/posts\/11603","targetHints":{"allow":["GET"]}}],"collection":[{"href":"https:\/\/www.djk-erlangen.de\/fussball\/index.php?rest_route=\/wp\/v2\/posts"}],"about":[{"href":"https:\/\/www.djk-erlangen.de\/fussball\/index.php?rest_route=\/wp\/v2\/types\/post"}],"author":[{"embeddable":true,"href":"https:\/\/www.djk-erlangen.de\/fussball\/index.php?rest_route=\/wp\/v2\/users\/32"}],"replies":[{"embeddable":true,"href":"https:\/\/www.djk-erlangen.de\/fussball\/index.php?rest_route=%2Fwp%2Fv2%2Fcomments&post=11603"}],"version-history":[{"count":3,"href":"https:\/\/www.djk-erlangen.de\/fussball\/index.php?rest_route=\/wp\/v2\/posts\/11603\/revisions"}],"predecessor-version":[{"id":11612,"href":"https:\/\/www.djk-erlangen.de\/fussball\/index.php?rest_route=\/wp\/v2\/posts\/11603\/revisions\/11612"}],"wp:attachment":[{"href":"https:\/\/www.djk-erlangen.de\/fussball\/index.php?rest_route=%2Fwp%2Fv2%2Fmedia&parent=11603"}],"wp:term":[{"taxonomy":"category","embeddable":true,"href":"https:\/\/www.djk-erlangen.de\/fussball\/index.php?rest_route=%2Fwp%2Fv2%2Fcategories&post=11603"},{"taxonomy":"post_tag","embeddable":true,"href":"https:\/\/www.djk-erlangen.de\/fussball\/index.php?rest_route=%2Fwp%2Fv2%2Ftags&post=11603"}],"curies":[{"name":"wp","href":"https:\/\/api.w.org\/{rel}","templated":true}]}}