{"id":11583,"date":"2014-03-16T17:37:31","date_gmt":"2014-03-16T16:37:31","guid":{"rendered":"http:\/\/www.djk-erlangen.de\/fussball\/?p=11583"},"modified":"2014-03-16T17:37:31","modified_gmt":"2014-03-16T16:37:31","slug":"null-tore-wenig-punkte","status":"publish","type":"post","link":"https:\/\/www.djk-erlangen.de\/fussball\/?p=11583","title":{"rendered":"Null Tore &#8211; wenig Punkte"},"content":{"rendered":"<p>Am heutigen Sonntag kurz nach Sonnenaufgang f\u00fchrte uns der Weg in die Domstadt Bamberg zu unseren Freunden der DJK Don Bosco. Diese hatten wieder zu Ihrem Fr\u00fchjahrsturnier geladen.<\/p>\n<p><!--more--><\/p>\n<p>Das von Roland Bleier bestens organisierte Turnier startete p\u00fcnktlich und die teilnehmenden Mannschaften freuten sich auf dem genialen Kunstrasenplatz Fu\u00dfball spielen zu d\u00fcrfen. Unsere Gegner am heutigen Sonntag waren<br \/>\nder Gastgeber DJK Don Bosco, Eintracht Bamberg und die JFG Steigerwald.<\/p>\n<p>Leider mu\u00dften wir zahlreiche Stammspieler ersetzen und so taten wir uns richtig schwer in die Spiele zu kommen. Wir waren zwar nicht unterlegen nur die Kombinationen waren bei den anderen Mannschaften etwas fl\u00fc\u00dfiger. So kassierten wir<br \/>\nin der Vorrunde 3 bittere Niederlagen.<br \/>\nIn der R\u00fcckrunde sollte dann alles besser werden, gegen die spielst\u00e4rkste Mannschaft von Eintracht Bamberg hielten wir lange Zeit gut mit und verloren am Ende dann doch noch etwas ungl\u00fccklich. Gleiches galt auch f\u00fcr das R\u00fcckspiel gegen die JFG Steigerwald. Wieder keine Punkte und auch keine Tore erzielt.<\/p>\n<p>Im letzten Spiel gegen die DJK Don Bosco war dann eine Mannschaft auf dem Platz die anscheinend erst jetzt aufgewacht war oder sich die Bl\u00f6se alle Spiele zu verlieren nicht geben wollte. In einem packenden R\u00fcckspiel\u00a0 in dem der Gastgeber auch noch einen Strafsto\u00df vergab, teilte man sich am Ende mit einem torlosen Remis die Punkte.<\/p>\n<p>An dieser Stelle m\u00f6chten wir uns auch bei unseren Leihgaben aus der E1 Elias und Paul recht herzlich bedanken. Ihr habt ein super Turnier gespielt und seit immer wieder gerne im Kreis der D2 willkommen.<\/p>\n<p>Kurz um: Es ist immer wieder eine Freude so ein sch\u00f6nes Turnier mit spielen zu d\u00fcrfen. Im n\u00e4chsten Jahr w\u00fcnschen wir uns dann besseres Wetter und sportlichen Erfolg.<\/p>\n<p>DJK Aufgebot:<br \/>\nLuis; Tim; Daniel; Elias, Erik; Konstantin; Paul; Ben; Arijan; Timm; Florian<\/p>\n<p>Tore:<br \/>\nFehlanzeige<\/p>\n","protected":false},"excerpt":{"rendered":"<p>Am heutigen Sonntag kurz nach Sonnenaufgang f\u00fchrte uns der Weg in die Domstadt Bamberg zu unseren Freunden der DJK Don Bosco. Diese hatten wieder zu Ihrem Fr\u00fchjahrsturnier geladen.<\/p>\n","protected":false},"author":32,"featured_media":0,"comment_status":"open","ping_status":"closed","sticky":false,"template":"","format":"standard","meta":{"jetpack_post_was_ever_published":false,"_jetpack_newsletter_access":"","_jetpack_dont_email_post_to_subs":false,"_jetpack_newsletter_tier_id":0,"_jetpack_memberships_contains_paywalled_content":false,"_jetpack_memberships_contains_paid_content":false,"footnotes":"","jetpack_publicize_message":"","jetpack_publicize_feature_enabled":true,"jetpack_social_post_already_shared":true,"jetpack_social_options":{"image_generator_settings":{"template":"highway","default_image_id":0,"font":"","enabled":false},"version":2}},"categories":[35],"tags":[],"class_list":["post-11583","post","type-post","status-publish","format-standard","hentry","category-u13-d2"],"jetpack_publicize_connections":[],"jetpack_featured_media_url":"","jetpack_shortlink":"https:\/\/wp.me\/p2ZUr0-30P","jetpack_sharing_enabled":true,"_links":{"self":[{"href":"https:\/\/www.djk-erlangen.de\/fussball\/index.php?rest_route=\/wp\/v2\/posts\/11583","targetHints":{"allow":["GET"]}}],"collection":[{"href":"https:\/\/www.djk-erlangen.de\/fussball\/index.php?rest_route=\/wp\/v2\/posts"}],"about":[{"href":"https:\/\/www.djk-erlangen.de\/fussball\/index.php?rest_route=\/wp\/v2\/types\/post"}],"author":[{"embeddable":true,"href":"https:\/\/www.djk-erlangen.de\/fussball\/index.php?rest_route=\/wp\/v2\/users\/32"}],"replies":[{"embeddable":true,"href":"https:\/\/www.djk-erlangen.de\/fussball\/index.php?rest_route=%2Fwp%2Fv2%2Fcomments&post=11583"}],"version-history":[{"count":1,"href":"https:\/\/www.djk-erlangen.de\/fussball\/index.php?rest_route=\/wp\/v2\/posts\/11583\/revisions"}],"predecessor-version":[{"id":11585,"href":"https:\/\/www.djk-erlangen.de\/fussball\/index.php?rest_route=\/wp\/v2\/posts\/11583\/revisions\/11585"}],"wp:attachment":[{"href":"https:\/\/www.djk-erlangen.de\/fussball\/index.php?rest_route=%2Fwp%2Fv2%2Fmedia&parent=11583"}],"wp:term":[{"taxonomy":"category","embeddable":true,"href":"https:\/\/www.djk-erlangen.de\/fussball\/index.php?rest_route=%2Fwp%2Fv2%2Fcategories&post=11583"},{"taxonomy":"post_tag","embeddable":true,"href":"https:\/\/www.djk-erlangen.de\/fussball\/index.php?rest_route=%2Fwp%2Fv2%2Ftags&post=11583"}],"curies":[{"name":"wp","href":"https:\/\/api.w.org\/{rel}","templated":true}]}}