{"id":11573,"date":"2014-03-15T16:21:30","date_gmt":"2014-03-15T15:21:30","guid":{"rendered":"http:\/\/www.djk-erlangen.de\/fussball\/?p=11573"},"modified":"2014-03-15T16:21:30","modified_gmt":"2014-03-15T15:21:30","slug":"schwache-leistung-zum-rueckrundenstart","status":"publish","type":"post","link":"https:\/\/www.djk-erlangen.de\/fussball\/?p=11573","title":{"rendered":"Schwache Leistung zum R\u00fcckrundenstart"},"content":{"rendered":"<p>Zum R\u00fcckrundenstart kamen heute die Nachwuchskicker aus der Hauptstadt des Meerettichs zu uns in den Wiesengrund. War das Wetter die ganze Woche recht fr\u00fchlingshaft, so hatte der Fu\u00dfballgott am Spieltag kein Einsehen<br \/>\nmit den Spielern. Nur Temparaturen um die 9\u00b0C und p\u00fcnktlich zum Anpfiff ein kleiner k\u00fchler Regenschauer.<\/p>\n<p><!--more--><\/p>\n<p>So wie das Wetter war dann auch unser Spiel. Viel zu viel \u00dcberheblichkeit und Eigensinn, kein Blick f\u00fcr den Nebenmann! Vielleicht lag es auch daran da\u00df man den Gegner aufgrund des hohen Hinspielsieges einfach nur untersch\u00e4tzte.<br \/>\nSo machte man sich das Leben in diesem Falle das Spiel selber schwer und erlaubte den G\u00e4sten ihre spielerischen Qualit\u00e4ten auszuspielen.<br \/>\nIn der 9. Spielminute schnappte sich &#8222;Kimberly&#8220; Ben die Kugel und bediente musterg\u00fcltig unseren wei\u00dfen B\u00fcffel der unhaltbar zur F\u00fchrung einnetzte. Selbst mit der F\u00fchrung im R\u00fccken bekamen wir das Spiel nicht in den Griff und hatten sogar gro\u00dfes Gl\u00fcck da\u00df bei zwei guten M\u00f6glichkeiten den G\u00e4sten nicht der Ausgleich gelang. So ging das Gepl\u00e4nkel bis zur Halbzeit weiter.<\/p>\n<p>Im zweiten Spielabschnitt kamen die Weich Sch\u00fctzlinge dann etwas schneller in die Spur und unser Goalie Ari konnte in der 34. Minute seine Farben mit 2:0 in Front bringen. In der Folgezeit dieser Begegnung rettete sage uns schreibe 5!! mal der Pfosten die G\u00e4ste vor einem h\u00f6heren R\u00fcckstand.<br \/>\nErst wieder in der 47. Minute fand dann die Kugel den Weg ins Eckige! Kein anderer als unser Fl\u00fcgelflitzer Kimberly war der Knipser zur 3:0 F\u00fchrung. In der 52. Spielminute fiel dann das sch\u00f6nste Tor am heutigen Tag. Nach einer sch\u00f6n getretenen Ecke von Ari, legte Timm den Ball mit der Brust unserem &#8222;Capitano&#8220; auf, so da\u00df dieser mit einem Volleyknaller dem Torh\u00fcter keine Chance lie\u00df.<br \/>\nF\u00fcr den Schlu\u00dfpunkt einer mittlerweile recht einseitig gewordenen Partie sorgte erneut Konstantin mit einem Distanzschu\u00df. Auch wenn das Ergebnis am Ende mit 5:0 deutlich war, braucht man sich darauf jedoch nichts einzubilden. Mit der heute gezeigten Mannschaftsleistung kann man nicht zufrieden sein und so wird der Schu\u00df ganz schnell nach hinten los gehen, wenn wir dann auf Mannschaften treffen, die spielerisch deutlich st\u00e4rker einzustufen sind als unser heutiger Gast.<\/p>\n<p>DJK Aufgebot:<br \/>\nLuis; Tim; Daniel; Ali-Alex; Oliver; Lorenz; Konstantin; Benedikt; Ben; Arijan; Timm; Florian; Erik<\/p>\n<p>Tore:<br \/>\nArijan (1); Ben (1); Benedikt (1); Konstantin (2)<\/p>\n","protected":false},"excerpt":{"rendered":"<p>Zum R\u00fcckrundenstart kamen heute die Nachwuchskicker aus der Hauptstadt des Meerettichs zu uns in den Wiesengrund. War das Wetter die ganze Woche recht fr\u00fchlingshaft, so hatte der Fu\u00dfballgott am Spieltag kein Einsehen mit den Spielern. Nur Temparaturen um die 9\u00b0C &hellip; <a href=\"https:\/\/www.djk-erlangen.de\/fussball\/?p=11573\">Weiterlesen <span class=\"meta-nav\">&rarr;<\/span><\/a><\/p>\n","protected":false},"author":32,"featured_media":0,"comment_status":"open","ping_status":"closed","sticky":false,"template":"","format":"standard","meta":{"jetpack_post_was_ever_published":false,"_jetpack_newsletter_access":"","_jetpack_dont_email_post_to_subs":false,"_jetpack_newsletter_tier_id":0,"_jetpack_memberships_contains_paywalled_content":false,"_jetpack_memberships_contains_paid_content":false,"footnotes":"","jetpack_publicize_message":"","jetpack_publicize_feature_enabled":true,"jetpack_social_post_already_shared":true,"jetpack_social_options":{"image_generator_settings":{"template":"highway","default_image_id":0,"font":"","enabled":false},"version":2}},"categories":[35],"tags":[],"class_list":["post-11573","post","type-post","status-publish","format-standard","hentry","category-u13-d2"],"jetpack_publicize_connections":[],"jetpack_featured_media_url":"","jetpack_shortlink":"https:\/\/wp.me\/p2ZUr0-30F","jetpack_sharing_enabled":true,"_links":{"self":[{"href":"https:\/\/www.djk-erlangen.de\/fussball\/index.php?rest_route=\/wp\/v2\/posts\/11573","targetHints":{"allow":["GET"]}}],"collection":[{"href":"https:\/\/www.djk-erlangen.de\/fussball\/index.php?rest_route=\/wp\/v2\/posts"}],"about":[{"href":"https:\/\/www.djk-erlangen.de\/fussball\/index.php?rest_route=\/wp\/v2\/types\/post"}],"author":[{"embeddable":true,"href":"https:\/\/www.djk-erlangen.de\/fussball\/index.php?rest_route=\/wp\/v2\/users\/32"}],"replies":[{"embeddable":true,"href":"https:\/\/www.djk-erlangen.de\/fussball\/index.php?rest_route=%2Fwp%2Fv2%2Fcomments&post=11573"}],"version-history":[{"count":1,"href":"https:\/\/www.djk-erlangen.de\/fussball\/index.php?rest_route=\/wp\/v2\/posts\/11573\/revisions"}],"predecessor-version":[{"id":11574,"href":"https:\/\/www.djk-erlangen.de\/fussball\/index.php?rest_route=\/wp\/v2\/posts\/11573\/revisions\/11574"}],"wp:attachment":[{"href":"https:\/\/www.djk-erlangen.de\/fussball\/index.php?rest_route=%2Fwp%2Fv2%2Fmedia&parent=11573"}],"wp:term":[{"taxonomy":"category","embeddable":true,"href":"https:\/\/www.djk-erlangen.de\/fussball\/index.php?rest_route=%2Fwp%2Fv2%2Fcategories&post=11573"},{"taxonomy":"post_tag","embeddable":true,"href":"https:\/\/www.djk-erlangen.de\/fussball\/index.php?rest_route=%2Fwp%2Fv2%2Ftags&post=11573"}],"curies":[{"name":"wp","href":"https:\/\/api.w.org\/{rel}","templated":true}]}}