{"id":11502,"date":"2014-02-23T19:14:51","date_gmt":"2014-02-23T18:14:51","guid":{"rendered":"http:\/\/www.djk-erlangen.de\/fussball\/?p=11502"},"modified":"2014-02-23T19:17:44","modified_gmt":"2014-02-23T18:17:44","slug":"b-junioren-djk-tv-1848-ii-1-1","status":"publish","type":"post","link":"https:\/\/www.djk-erlangen.de\/fussball\/?p=11502","title":{"rendered":"B-Junioren DJK &#8211; TV 1848 II   1 : 1"},"content":{"rendered":"<p>Zur Er\u00f6ffnung der Freiluftsaison durften wir heute die Sportfreunde des TV1848 II auf dem DJK-Gel\u00e4nde begr\u00fc\u00dfen.<!--more--><\/p>\n<p>In einem tollem Spiel mit vielen Torraumszenen erreichten unsere Jungs ein hochverdientes Unentschieden gegen die in der KK spielenden Nachbarn.<\/p>\n<p>Besonders lobenswert war das faire Spiel, die Leistung des Gastschiedsrichters, sowie die vielen DJK Zuschauer.<\/p>\n","protected":false},"excerpt":{"rendered":"<p>Zur Er\u00f6ffnung der Freiluftsaison durften wir heute die Sportfreunde des TV1848 II auf dem DJK-Gel\u00e4nde begr\u00fc\u00dfen.<\/p>\n","protected":false},"author":9,"featured_media":0,"comment_status":"open","ping_status":"closed","sticky":false,"template":"","format":"standard","meta":{"jetpack_post_was_ever_published":false,"_jetpack_newsletter_access":"","_jetpack_dont_email_post_to_subs":false,"_jetpack_newsletter_tier_id":0,"_jetpack_memberships_contains_paywalled_content":false,"_jetpack_memberships_contains_paid_content":false,"footnotes":"","jetpack_publicize_message":"","jetpack_publicize_feature_enabled":true,"jetpack_social_post_already_shared":true,"jetpack_social_options":{"image_generator_settings":{"template":"highway","default_image_id":0,"font":"","enabled":false},"version":2}},"categories":[28],"tags":[],"class_list":["post-11502","post","type-post","status-publish","format-standard","hentry","category-u17-b1"],"jetpack_publicize_connections":[],"jetpack_featured_media_url":"","jetpack_shortlink":"https:\/\/wp.me\/p2ZUr0-2Zw","jetpack_sharing_enabled":true,"_links":{"self":[{"href":"https:\/\/www.djk-erlangen.de\/fussball\/index.php?rest_route=\/wp\/v2\/posts\/11502","targetHints":{"allow":["GET"]}}],"collection":[{"href":"https:\/\/www.djk-erlangen.de\/fussball\/index.php?rest_route=\/wp\/v2\/posts"}],"about":[{"href":"https:\/\/www.djk-erlangen.de\/fussball\/index.php?rest_route=\/wp\/v2\/types\/post"}],"author":[{"embeddable":true,"href":"https:\/\/www.djk-erlangen.de\/fussball\/index.php?rest_route=\/wp\/v2\/users\/9"}],"replies":[{"embeddable":true,"href":"https:\/\/www.djk-erlangen.de\/fussball\/index.php?rest_route=%2Fwp%2Fv2%2Fcomments&post=11502"}],"version-history":[{"count":3,"href":"https:\/\/www.djk-erlangen.de\/fussball\/index.php?rest_route=\/wp\/v2\/posts\/11502\/revisions"}],"predecessor-version":[{"id":11505,"href":"https:\/\/www.djk-erlangen.de\/fussball\/index.php?rest_route=\/wp\/v2\/posts\/11502\/revisions\/11505"}],"wp:attachment":[{"href":"https:\/\/www.djk-erlangen.de\/fussball\/index.php?rest_route=%2Fwp%2Fv2%2Fmedia&parent=11502"}],"wp:term":[{"taxonomy":"category","embeddable":true,"href":"https:\/\/www.djk-erlangen.de\/fussball\/index.php?rest_route=%2Fwp%2Fv2%2Fcategories&post=11502"},{"taxonomy":"post_tag","embeddable":true,"href":"https:\/\/www.djk-erlangen.de\/fussball\/index.php?rest_route=%2Fwp%2Fv2%2Ftags&post=11502"}],"curies":[{"name":"wp","href":"https:\/\/api.w.org\/{rel}","templated":true}]}}