{"id":11455,"date":"2014-02-08T14:47:02","date_gmt":"2014-02-08T13:47:02","guid":{"rendered":"http:\/\/www.djk-erlangen.de\/fussball\/?p=11455"},"modified":"2014-02-10T13:52:51","modified_gmt":"2014-02-10T12:52:51","slug":"gluekwunsch-an-die-f-2-zum-erreichen-der-endrunde","status":"publish","type":"post","link":"https:\/\/www.djk-erlangen.de\/fussball\/?p=11455","title":{"rendered":"Gl\u00fcckwunsch an die U9-F2 zum Erreichen der HKM-Endrunde"},"content":{"rendered":"<p><span class=\"userContent\" data-ft=\"{&quot;tn&quot;:&quot;K&quot;}\">Wir gratulieren dem Trainerteam und vor allem auch der Mannschaft der U9-F2-Junioren zum Einzug in die Endrunde der Hallenkreismeisterschaft.<br \/>\n<\/span><span class=\"userContent\" data-ft=\"{&quot;tn&quot;:&quot;K&quot;}\">Gl\u00fcckwunsch!!!<\/span><\/p>\n<p>Gespielt wird am kommenden Sonntag, 16.02.2014 ab 13:45 Uhr in der Sporthalle Gr\u00e4fenberg.<\/p>\n<p>Unsere F2-Jugend w\u00fcrde sich \u00fcber lautstarke Anfeuerung sehr freuen!<\/p>\n","protected":false},"excerpt":{"rendered":"<p>Wir gratulieren dem Trainerteam und vor allem auch der Mannschaft der U9-F2-Junioren zum Einzug in die Endrunde der Hallenkreismeisterschaft. Gl\u00fcckwunsch!!! Gespielt wird am kommenden Sonntag, 16.02.2014 ab 13:45 Uhr in der Sporthalle Gr\u00e4fenberg. Unsere F2-Jugend w\u00fcrde sich \u00fcber lautstarke Anfeuerung &hellip; <a href=\"https:\/\/www.djk-erlangen.de\/fussball\/?p=11455\">Weiterlesen <span class=\"meta-nav\">&rarr;<\/span><\/a><\/p>\n","protected":false},"author":32,"featured_media":0,"comment_status":"open","ping_status":"closed","sticky":false,"template":"","format":"standard","meta":{"jetpack_post_was_ever_published":false,"_jetpack_newsletter_access":"","_jetpack_dont_email_post_to_subs":false,"_jetpack_newsletter_tier_id":0,"_jetpack_memberships_contains_paywalled_content":false,"_jetpack_memberships_contains_paid_content":false,"footnotes":"","jetpack_publicize_message":"","jetpack_publicize_feature_enabled":true,"jetpack_social_post_already_shared":true,"jetpack_social_options":{"image_generator_settings":{"template":"highway","default_image_id":0,"font":"","enabled":false},"version":2}},"categories":[1,36],"tags":[],"class_list":["post-11455","post","type-post","status-publish","format-standard","hentry","category-allgemein","category-u9-f2-i"],"jetpack_publicize_connections":[],"jetpack_featured_media_url":"","jetpack_shortlink":"https:\/\/wp.me\/p2ZUr0-2YL","jetpack_sharing_enabled":true,"_links":{"self":[{"href":"https:\/\/www.djk-erlangen.de\/fussball\/index.php?rest_route=\/wp\/v2\/posts\/11455","targetHints":{"allow":["GET"]}}],"collection":[{"href":"https:\/\/www.djk-erlangen.de\/fussball\/index.php?rest_route=\/wp\/v2\/posts"}],"about":[{"href":"https:\/\/www.djk-erlangen.de\/fussball\/index.php?rest_route=\/wp\/v2\/types\/post"}],"author":[{"embeddable":true,"href":"https:\/\/www.djk-erlangen.de\/fussball\/index.php?rest_route=\/wp\/v2\/users\/32"}],"replies":[{"embeddable":true,"href":"https:\/\/www.djk-erlangen.de\/fussball\/index.php?rest_route=%2Fwp%2Fv2%2Fcomments&post=11455"}],"version-history":[{"count":4,"href":"https:\/\/www.djk-erlangen.de\/fussball\/index.php?rest_route=\/wp\/v2\/posts\/11455\/revisions"}],"predecessor-version":[{"id":11471,"href":"https:\/\/www.djk-erlangen.de\/fussball\/index.php?rest_route=\/wp\/v2\/posts\/11455\/revisions\/11471"}],"wp:attachment":[{"href":"https:\/\/www.djk-erlangen.de\/fussball\/index.php?rest_route=%2Fwp%2Fv2%2Fmedia&parent=11455"}],"wp:term":[{"taxonomy":"category","embeddable":true,"href":"https:\/\/www.djk-erlangen.de\/fussball\/index.php?rest_route=%2Fwp%2Fv2%2Fcategories&post=11455"},{"taxonomy":"post_tag","embeddable":true,"href":"https:\/\/www.djk-erlangen.de\/fussball\/index.php?rest_route=%2Fwp%2Fv2%2Ftags&post=11455"}],"curies":[{"name":"wp","href":"https:\/\/api.w.org\/{rel}","templated":true}]}}