{"id":11453,"date":"2014-02-08T14:28:04","date_gmt":"2014-02-08T13:28:04","guid":{"rendered":"http:\/\/www.djk-erlangen.de\/fussball\/?p=11453"},"modified":"2014-02-10T14:00:35","modified_gmt":"2014-02-10T13:00:35","slug":"auftakt-in-die-rueckrunde-der-freiluftsaison","status":"publish","type":"post","link":"https:\/\/www.djk-erlangen.de\/fussball\/?p=11453","title":{"rendered":"Auftakt in die R\u00fcckrunde der Freiluftsaison"},"content":{"rendered":"<p>Am heutigen Samstag bestritten die Jungs von Headcoach Rainer Weich ihr erstes Spiel in diesem Jahr.<br \/>\nGegner dieses Vorbereitungsspiels war die D1-Jugend des Kreisligisten JFG Ebrach\/ Aisch. Auf dem \u00e4u\u00dferst\u00a0guten Rasenplatz in H\u00f6chstadt entwickelte sich eine spielerisch gute Begegnung.<\/p>\n<p><!--more--><\/p>\n<p>Ein Klassen- und vor allem auch\u00a0 Altersunterschied war nicht zu sehen. Noch dazu dass wir kurzfristig auf 2 Leistungstr\u00e4ger aus unseren Reihen verzichten mussten. Mitte des ersten Spielabschnitts gingen die Hausherren mehr als gl\u00fccklich in F\u00fchrung und konnten so unseren Spielfluss eine wenig eind\u00e4mmen. Durch die eine oder andere Standardsituation hatten\u00a0wir die M\u00f6glichkeit auf den Ausgleich, jedoch wurden die sich bietenden Chancen leichtfertig und zu \u00fcberheblich vergeben. Mit diesem knappen R\u00fcckstand wechselte man auch die Seiten.<\/p>\n<p>Im zweiten Spielabschnitt kamen die Gastgeber immer besser ins Spiel und setzten uns immer mehr unter Druck. Auch machte sich bei den Wiesenwegbuben aufgrund der fehlenden Alternativen ein bisschen Kr\u00e4fteverschlei\u00df bemerkbar. So konnten die H\u00f6chst\u00e4dter durch einen ungehinderten Alleingang Mitte des zweiten Spielabschnittes auf 2:0 erh\u00f6hen. In der Folgezeit dieser Partie konnte der Angreifer der Gastgeber nur mit einer Notbremse gestoppt werden. Der sehr gut leitende Verbandsschiedsrichter entschied folgerichtig auf Strafsto\u00df. Dieser konnte durch unseren Ersatzkeeper souver\u00e4n pariert werden, jedoch beim Nachschuss hatten wir das Nachsehen und so stand es 3:0 f\u00fcr die Gastgeber.<\/p>\n<p>Kurz vor Schluss bekamen wir dann doch noch unsere Chancen und konnten in der 51. Minute nach kluger Hereingabe von Arijan durch unseren Goalie Timm auf 3:1 verk\u00fcrzen. Nachdem wir w\u00e4hrend der Begegnung noch weitere Verletzte dazu bekamen, versuchten wir uns mehr auf Schadensbegrenzung und brachten das Spiel dann unbeschadet zu Ende. Mit dieser knappen Niederlage gegen jahrgangs\u00e4ltere und 2 Klassen h\u00f6her angesiedelte Spieler\u00a0k\u00f6nnen wir mehr als zufrieden sein. Erw\u00e4hnenswert sei die herausragende Leitung des Verbandsschiedsrichters, der jederzeit mit seinen Entscheidungen richtig lag und so auch ein Garant f\u00fcr ein sehenswertes Vorbereitungsspiel war.<\/p>\n<p><span style=\"text-decoration: underline;\">DJK Aufgebot:<\/span><br \/>\nTim,\u00a0Erik,\u00a0Daniel,\u00a0Ali-Alex,\u00a0Oliver,\u00a0Lorenz,\u00a0Konstantin,\u00a0Ben,\u00a0Arijan,\u00a0Timm,\u00a0Flo<\/p>\n<p><span style=\"text-decoration: underline;\">DJK-Tor(e):<\/span><br \/>\nTimm (1)<\/p>\n","protected":false},"excerpt":{"rendered":"<p>Am heutigen Samstag bestritten die Jungs von Headcoach Rainer Weich ihr erstes Spiel in diesem Jahr. Gegner dieses Vorbereitungsspiels war die D1-Jugend des Kreisligisten JFG Ebrach\/ Aisch. Auf dem \u00e4u\u00dferst\u00a0guten Rasenplatz in H\u00f6chstadt entwickelte sich eine spielerisch gute Begegnung.<\/p>\n","protected":false},"author":32,"featured_media":0,"comment_status":"open","ping_status":"closed","sticky":false,"template":"","format":"standard","meta":{"jetpack_post_was_ever_published":false,"_jetpack_newsletter_access":"","_jetpack_dont_email_post_to_subs":false,"_jetpack_newsletter_tier_id":0,"_jetpack_memberships_contains_paywalled_content":false,"_jetpack_memberships_contains_paid_content":false,"footnotes":"","jetpack_publicize_message":"","jetpack_publicize_feature_enabled":true,"jetpack_social_post_already_shared":true,"jetpack_social_options":{"image_generator_settings":{"template":"highway","default_image_id":0,"font":"","enabled":false},"version":2}},"categories":[35],"tags":[],"class_list":["post-11453","post","type-post","status-publish","format-standard","hentry","category-u13-d2"],"jetpack_publicize_connections":[],"jetpack_featured_media_url":"","jetpack_shortlink":"https:\/\/wp.me\/p2ZUr0-2YJ","jetpack_sharing_enabled":true,"_links":{"self":[{"href":"https:\/\/www.djk-erlangen.de\/fussball\/index.php?rest_route=\/wp\/v2\/posts\/11453","targetHints":{"allow":["GET"]}}],"collection":[{"href":"https:\/\/www.djk-erlangen.de\/fussball\/index.php?rest_route=\/wp\/v2\/posts"}],"about":[{"href":"https:\/\/www.djk-erlangen.de\/fussball\/index.php?rest_route=\/wp\/v2\/types\/post"}],"author":[{"embeddable":true,"href":"https:\/\/www.djk-erlangen.de\/fussball\/index.php?rest_route=\/wp\/v2\/users\/32"}],"replies":[{"embeddable":true,"href":"https:\/\/www.djk-erlangen.de\/fussball\/index.php?rest_route=%2Fwp%2Fv2%2Fcomments&post=11453"}],"version-history":[{"count":3,"href":"https:\/\/www.djk-erlangen.de\/fussball\/index.php?rest_route=\/wp\/v2\/posts\/11453\/revisions"}],"predecessor-version":[{"id":11474,"href":"https:\/\/www.djk-erlangen.de\/fussball\/index.php?rest_route=\/wp\/v2\/posts\/11453\/revisions\/11474"}],"wp:attachment":[{"href":"https:\/\/www.djk-erlangen.de\/fussball\/index.php?rest_route=%2Fwp%2Fv2%2Fmedia&parent=11453"}],"wp:term":[{"taxonomy":"category","embeddable":true,"href":"https:\/\/www.djk-erlangen.de\/fussball\/index.php?rest_route=%2Fwp%2Fv2%2Fcategories&post=11453"},{"taxonomy":"post_tag","embeddable":true,"href":"https:\/\/www.djk-erlangen.de\/fussball\/index.php?rest_route=%2Fwp%2Fv2%2Ftags&post=11453"}],"curies":[{"name":"wp","href":"https:\/\/api.w.org\/{rel}","templated":true}]}}