{"id":11323,"date":"2013-12-16T23:12:09","date_gmt":"2013-12-16T22:12:09","guid":{"rendered":"http:\/\/www.djk-erlangen.de\/fussball\/?p=11323"},"modified":"2013-12-16T23:16:06","modified_gmt":"2013-12-16T22:16:06","slug":"weihnachtsfeier-der-a-junioren","status":"publish","type":"post","link":"https:\/\/www.djk-erlangen.de\/fussball\/?p=11323","title":{"rendered":"Weihnachtsfeier der A-Junioren"},"content":{"rendered":"<p style=\"text-align: justify;\">Am Freitag , den 13.12.2013, trafen sich die A-Junioren mit ihrem Trainer- und Betreuerstab sowie mit\u00a0 fast allen Eltern in der Risto-Bar der DJK Erlangen zur Weihnachtsfeier.<!--more--><\/p>\n<p style=\"text-align: justify;\">Nach dem gemeinsamen Essen, welches von Daniele und seinem Team zubereitet wurde, folgte die obligatorische Ansprache von <strong>Brauni<\/strong>.\u00a0 Dabei wurden der Mannschaft, nach der sehr erfolgreichen Herbstrunde, die Ziele f\u00fcr die Fr\u00fchjahrsrunde erkl\u00e4rt. Besonders wird dabei auf Teamgeist gesetzt.<\/p>\n<p style=\"text-align: justify;\">Danach ergriffen die Mannschaftf\u00fchrer\u00a0<strong> Daniel, Steffen<\/strong> und <strong>Benny<\/strong> das Wort. Sie \u00fcbergaben die Geschenke der Spieler an die beiden Trainer<strong> Brauni<\/strong> (Coach) und <strong>Robert<\/strong> (Drabinka) sowie an die Betreuer <strong>Hafi<\/strong> (Der B\u00e4rtige) und<strong> Bernd<\/strong> (Security).<\/p>\n<p style=\"text-align: justify;\">In ihrer Ansprache an die Teamkollegen haben sie ebenfalls an deren Teamgeist appelliert. Sie bedankten sich vor allem bei\u00a0 den Spielern , welche trotz gro\u00dfem Trainingsflei\u00dfes nur sehr wenig Spielzeit auf dem Feld verbrachten.<\/p>\n<p style=\"text-align: justify;\"><strong>Enrico<\/strong> wurde besonders hervorgehoben. Er hatte sich bereit erkl\u00e4rt, bis Ende der Saison als Torh\u00fcter zu spielen.<\/p>\n<p style=\"text-align: justify;\">Dann kam die gro\u00dfe \u00dcberraschung des Abends &#8211; eine Gesangseinlage durch die &#8222;<strong>Risto-Bar Harmonists<\/strong>&#8220; und Orchester. Mit Ihrer Marshmallow- Interpretation\u00a0 von \u00a0&#8222;O Tannenbaum&#8220;\u00a0 waren sie ein H\u00f6hepunkt des Abends. \u00a0Zur Feier des Tages und speziell f\u00fcr diesen Auftritt hatten sich die Jungs in Schale geworfen: wei\u00dfe Hemden, Jeans und eine Nikolaus-M\u00fctze vervollst\u00e4ndigten das Outfit. Ein toller Auftritt!<\/p>\n<p style=\"text-align: justify;\"><a href=\"http:\/\/www.djk-erlangen.de\/fussball\/wp-content\/uploads\/2013\/12\/Singen1.jpg\"><img loading=\"lazy\" decoding=\"async\" class=\"aligncenter size-full wp-image-11331\" alt=\"Singen\" src=\"http:\/\/www.djk-erlangen.de\/fussball\/wp-content\/uploads\/2013\/12\/Singen1.jpg\" width=\"551\" height=\"231\" \/><\/a><\/p>\n<p style=\"text-align: justify;\">Bei den Geschenken f\u00fcr die Spieler kam dann die n\u00e4chste \u00dcberraschung. \u00a0Nachdem zu Beginn der Saison die Mannschaft in einigen Spielen sportlich nass gemacht wurde, haben \u00a0sich unser Risto-Bar Wirt <strong>Daniele<\/strong> und seine Frau \u00a0<strong>Rosi<\/strong> dazu entschlossen, \u00a0die Jungs nicht im Regen stehen zu lassen.<\/p>\n<p style=\"text-align: justify;\">Deshalb haben Sie die neuen\u00a0 Regenjacken f\u00fcr die Mannschaft gesponsert.\u00a0 Vielen Dank daf\u00fcr\u00a0 im Namen der Mannschaft.<\/p>\n<p style=\"text-align: justify;\"><a href=\"http:\/\/www.djk-erlangen.de\/fussball\/wp-content\/uploads\/2013\/12\/Jacken2.jpg\"><img loading=\"lazy\" decoding=\"async\" class=\"aligncenter size-full wp-image-11332\" alt=\"Jacken\" src=\"http:\/\/www.djk-erlangen.de\/fussball\/wp-content\/uploads\/2013\/12\/Jacken2.jpg\" width=\"508\" height=\"288\" \/><\/a><\/p>\n<p style=\"text-align: justify;\">Nachdem dann noch\u00a0 diverse Mannschaftsfotos auf der Terrasse gemacht wurden, verzogen sich die Jungs in die Kegelbahn und verwandelten diese in eine House, Techno und Dance Disco.<\/p>\n<p style=\"text-align: justify;\">Die Erwachsenen feierten mit Marsala und Ouzo in der Risto- Bar weiter. Am Morgen, kurz vor Sonnenaufgang, war die gelungene Feier \u00a0dann f\u00fcr alle zu Ende.<\/p>\n","protected":false},"excerpt":{"rendered":"<p>Am Freitag , den 13.12.2013, trafen sich die A-Junioren mit ihrem Trainer- und Betreuerstab sowie mit\u00a0 fast allen Eltern in der Risto-Bar der DJK Erlangen zur Weihnachtsfeier.<\/p>\n","protected":false},"author":9,"featured_media":0,"comment_status":"open","ping_status":"closed","sticky":false,"template":"","format":"standard","meta":{"jetpack_post_was_ever_published":false,"_jetpack_newsletter_access":"","_jetpack_dont_email_post_to_subs":false,"_jetpack_newsletter_tier_id":0,"_jetpack_memberships_contains_paywalled_content":false,"_jetpack_memberships_contains_paid_content":false,"footnotes":"","jetpack_publicize_message":"","jetpack_publicize_feature_enabled":true,"jetpack_social_post_already_shared":true,"jetpack_social_options":{"image_generator_settings":{"template":"highway","default_image_id":0,"font":"","enabled":false},"version":2}},"categories":[13],"tags":[],"class_list":["post-11323","post","type-post","status-publish","format-standard","hentry","category-u19"],"jetpack_publicize_connections":[],"jetpack_featured_media_url":"","jetpack_shortlink":"https:\/\/wp.me\/p2ZUr0-2WD","jetpack_sharing_enabled":true,"_links":{"self":[{"href":"https:\/\/www.djk-erlangen.de\/fussball\/index.php?rest_route=\/wp\/v2\/posts\/11323","targetHints":{"allow":["GET"]}}],"collection":[{"href":"https:\/\/www.djk-erlangen.de\/fussball\/index.php?rest_route=\/wp\/v2\/posts"}],"about":[{"href":"https:\/\/www.djk-erlangen.de\/fussball\/index.php?rest_route=\/wp\/v2\/types\/post"}],"author":[{"embeddable":true,"href":"https:\/\/www.djk-erlangen.de\/fussball\/index.php?rest_route=\/wp\/v2\/users\/9"}],"replies":[{"embeddable":true,"href":"https:\/\/www.djk-erlangen.de\/fussball\/index.php?rest_route=%2Fwp%2Fv2%2Fcomments&post=11323"}],"version-history":[{"count":8,"href":"https:\/\/www.djk-erlangen.de\/fussball\/index.php?rest_route=\/wp\/v2\/posts\/11323\/revisions"}],"predecessor-version":[{"id":11341,"href":"https:\/\/www.djk-erlangen.de\/fussball\/index.php?rest_route=\/wp\/v2\/posts\/11323\/revisions\/11341"}],"wp:attachment":[{"href":"https:\/\/www.djk-erlangen.de\/fussball\/index.php?rest_route=%2Fwp%2Fv2%2Fmedia&parent=11323"}],"wp:term":[{"taxonomy":"category","embeddable":true,"href":"https:\/\/www.djk-erlangen.de\/fussball\/index.php?rest_route=%2Fwp%2Fv2%2Fcategories&post=11323"},{"taxonomy":"post_tag","embeddable":true,"href":"https:\/\/www.djk-erlangen.de\/fussball\/index.php?rest_route=%2Fwp%2Fv2%2Ftags&post=11323"}],"curies":[{"name":"wp","href":"https:\/\/api.w.org\/{rel}","templated":true}]}}