{"id":11288,"date":"2013-11-23T15:46:01","date_gmt":"2013-11-23T14:46:01","guid":{"rendered":"http:\/\/www.djk-erlangen.de\/fussball\/?p=11288"},"modified":"2013-11-23T15:46:01","modified_gmt":"2013-11-23T14:46:01","slug":"hartumkaempfte-herbstmeisterschaft","status":"publish","type":"post","link":"https:\/\/www.djk-erlangen.de\/fussball\/?p=11288","title":{"rendered":"hartumk\u00e4mpfte Herbstmeisterschaft"},"content":{"rendered":"<p>Am letzten Spieltag der Vorrunde waren heute die Kicker aus Etzelskirchen zu Gast am Wiesenweg. Was die Spatzen schon seit \u00fcber eine Woche von den D\u00e4chern piffen wurde dann heute auch Realit\u00e4t. Die G\u00e4ste kamen mit zahlreichen Spielern aus ihrer D1 um uns in die Suppe zu spucken.<\/p>\n<p><!--more--><\/p>\n<p>Mit dem Anpfiff der Begegnung entwickelte sich eine sehr kampfbetonte Partie und unsere Jungs hielten sehr gut dagegen. Mit dem zunehmenden Spielverlauf konnten wir uns etwas mehr Feld\u00fcberlegenheit erarbeiten und bekamen auch die eine oder andere Chance in F\u00fchrung zu gehen. Die G\u00e4ste standen mit ihren gro\u00dfgewachsenen Spielern relativ sicher und vereitelten ein ums<br \/>\nandere Mal gute Einschu\u00dfm\u00f6glichkeiten.<br \/>\nBeide Defensivabteilungen standen souver\u00e4n und so trennte man sich verdient im ersten Spielabschnitt 0:0<\/p>\n<p>Mit dem Wiederbeginn wollten wir unsere Feldvorteile auch in was Z\u00e4hlbares umwandeln und legten noch eine Schippe obendrauf. In der 40. Minute war es dann auch endlich soweit und wir wurden durch ein wundersch\u00f6nes Tor von Arijan f\u00fcr unsere Bem\u00fchungen belohnt. Die G\u00e4ste mu\u00dften jetzt die Defensive etwas l\u00f6sen und dies wurde erneut durch Arijan in der 43. Spielminute bestraft. Mit der zu diesem Zeitpunkt hochverdienten F\u00fchrung spulten wir die verbleibenden Minuten herunter und konnte so nicht nur der verkappten D1 aus Etzelskirchen die erste Niederlage beibringen sondern auch mit 25 Punkten aus 10 Spielen und einer Tordifferenz von +52 verdient die Herbstmeisterschaft feiern.<\/p>\n<p>DJK Aufgebot<br \/>\nLuis; Tim; Daniel; Ali-Alex; Oliver; Lorenz; Kontantin; Benedikt; Ben; Arijan; Timm; Florian; Lasse; Erik<\/p>\n<p>Tore:<br \/>\nArijan (2)<\/p>\n","protected":false},"excerpt":{"rendered":"<p>Am letzten Spieltag der Vorrunde waren heute die Kicker aus Etzelskirchen zu Gast am Wiesenweg. Was die Spatzen schon seit \u00fcber eine Woche von den D\u00e4chern piffen wurde dann heute auch Realit\u00e4t. Die G\u00e4ste kamen mit zahlreichen Spielern aus ihrer &hellip; <a href=\"https:\/\/www.djk-erlangen.de\/fussball\/?p=11288\">Weiterlesen <span class=\"meta-nav\">&rarr;<\/span><\/a><\/p>\n","protected":false},"author":32,"featured_media":0,"comment_status":"open","ping_status":"closed","sticky":false,"template":"","format":"standard","meta":{"jetpack_post_was_ever_published":false,"_jetpack_newsletter_access":"","_jetpack_dont_email_post_to_subs":false,"_jetpack_newsletter_tier_id":0,"_jetpack_memberships_contains_paywalled_content":false,"_jetpack_memberships_contains_paid_content":false,"footnotes":"","jetpack_publicize_message":"","jetpack_publicize_feature_enabled":true,"jetpack_social_post_already_shared":true,"jetpack_social_options":{"image_generator_settings":{"template":"highway","default_image_id":0,"font":"","enabled":false},"version":2}},"categories":[35],"tags":[],"class_list":["post-11288","post","type-post","status-publish","format-standard","hentry","category-u13-d2"],"jetpack_publicize_connections":[],"jetpack_featured_media_url":"","jetpack_shortlink":"https:\/\/wp.me\/p2ZUr0-2W4","jetpack_sharing_enabled":true,"_links":{"self":[{"href":"https:\/\/www.djk-erlangen.de\/fussball\/index.php?rest_route=\/wp\/v2\/posts\/11288","targetHints":{"allow":["GET"]}}],"collection":[{"href":"https:\/\/www.djk-erlangen.de\/fussball\/index.php?rest_route=\/wp\/v2\/posts"}],"about":[{"href":"https:\/\/www.djk-erlangen.de\/fussball\/index.php?rest_route=\/wp\/v2\/types\/post"}],"author":[{"embeddable":true,"href":"https:\/\/www.djk-erlangen.de\/fussball\/index.php?rest_route=\/wp\/v2\/users\/32"}],"replies":[{"embeddable":true,"href":"https:\/\/www.djk-erlangen.de\/fussball\/index.php?rest_route=%2Fwp%2Fv2%2Fcomments&post=11288"}],"version-history":[{"count":1,"href":"https:\/\/www.djk-erlangen.de\/fussball\/index.php?rest_route=\/wp\/v2\/posts\/11288\/revisions"}],"predecessor-version":[{"id":11289,"href":"https:\/\/www.djk-erlangen.de\/fussball\/index.php?rest_route=\/wp\/v2\/posts\/11288\/revisions\/11289"}],"wp:attachment":[{"href":"https:\/\/www.djk-erlangen.de\/fussball\/index.php?rest_route=%2Fwp%2Fv2%2Fmedia&parent=11288"}],"wp:term":[{"taxonomy":"category","embeddable":true,"href":"https:\/\/www.djk-erlangen.de\/fussball\/index.php?rest_route=%2Fwp%2Fv2%2Fcategories&post=11288"},{"taxonomy":"post_tag","embeddable":true,"href":"https:\/\/www.djk-erlangen.de\/fussball\/index.php?rest_route=%2Fwp%2Fv2%2Ftags&post=11288"}],"curies":[{"name":"wp","href":"https:\/\/api.w.org\/{rel}","templated":true}]}}