{"id":11277,"date":"2013-11-15T21:59:04","date_gmt":"2013-11-15T20:59:04","guid":{"rendered":"http:\/\/www.djk-erlangen.de\/fussball\/?p=11277"},"modified":"2013-11-15T22:16:37","modified_gmt":"2013-11-15T21:16:37","slug":"viel-sand-im-getriebe","status":"publish","type":"post","link":"https:\/\/www.djk-erlangen.de\/fussball\/?p=11277","title":{"rendered":"viel Sand im Getriebe"},"content":{"rendered":"<p>Am heutigen Freitagabend durfte die D2 zu Ihrem zweiten Flutlichtspiel in dieser Saison zu den Sportfreunden nach Spardorf reisen. Der Platz war trotz des vielen Regens in den vergangenen Tagen in einem einwandfreien Zustand. Schon mit Beginn der Partie merkte man, da\u00df die Wiesenwegbuben heute irgendwie nicht richtig bei der Sache sind. Vielleicht nahm man den Gastgeber nach deren Niederlage im Nachholspiel vom vergangenen Mittwoch auch einfach nur auf die leichte Schulter.<\/p>\n<p><!--more--><\/p>\n<p>Weit gefehlt! Die einfachsten Dinge wie der direkte Pa\u00df zum Mitspieler ging ein ums andere Mal richtig in die Hosen. So machte man sich das Spiel unn\u00f6tig schwer. Trotz \u00dcberlegenheit in der gegnerischen H\u00e4lfte dauerte es bis zur 5. Spielminute ehe Ben auf Vorlage von Ari zur mittlerweile erl\u00f6senden F\u00fchrung abschlie\u00dfen konnte. In der Folgezeit der Begegnung bauten wir den Gastgeber durch die eigenen Unzul\u00e4nglichkeiten regelrecht auf. Nur fehlte diesen im Abschlu\u00df zum Gl\u00fcck die n\u00f6tige Konsequenz. Mitte des ersten Spielabschnitts konnten wir gl\u00fccklicherweise durch unseren B\u00fcffel auf 2:0 erh\u00f6hen. Auch dieser Treffer sorgte nicht f\u00fcr die n\u00f6tige Ruhe im Spielaufbau sondern vielmehr konnten wir nur durch \u00fcberhastete Aktionen f\u00fcr Gefahr vor dem gegnerischen Geh\u00e4use sorgen.<\/p>\n<p>Unser Sto\u00dfst\u00fcrmer Timm war in der 22. Spielminute hellwach und nutze eine kleine Unordnung in der gegnerischen Defensive und konnte so durch einen weiteren Treffer die Wiesenwegbuben mit 3:0 in F\u00fchrung bringen. Vor der Halbzeit durfte dann mit einer sehenswerten &#8222;Bauernspitz&#8220;\u00a0 unser wei\u00dfer B\u00fcffel sein Torkonto weiter aufbessern.<\/p>\n<p>Mit einem schmeichelhaften 4:0 wechselte man auch die Seiten.<\/p>\n<p>Im zweiten Spielabschnitt wurde es dann aber auch nicht besser. Vielmehr konnten wir die G\u00e4ste welche sich mittlerweile in der eigenen H\u00e4lfte einigelten, um Schadensbegrenzung zu erzielen, durch die eigenen Fehler erstarken. Diese kamen bei dem einen oder anderen Entlastungsangriff gef\u00e4hrlich in die N\u00e4he unseres Strafraum. Die daraus resultierenden Chancen konnten jedoch vereitelt werden. So pl\u00e4tscherte das Spiel von Fehlp\u00e4ssen und Stellungsfehlern begleitet einfach so vor sich hin. Selbst klarste Chancen 1 Meter vor dem Tor wurden kl\u00e4glich vergeben und unerkl\u00e4rlich 8 Meter \u00fcber das Geh\u00e4use geschlagen.<\/p>\n<p>Der Gro\u00dfteil der auch heute wieder zahlreich mitgereisten Fans (soviele waren es noch nie) begn\u00fcgten sich an der Au\u00dfenlinie schon mit einer torlosen zweiten H\u00e4lfte. Diese machte jedoch dann B\u00fcffel mit einem Doppelschlag zu nichte!\u00a0 Ein Lichtblick war unsere Leihgabe aus der E1 Paul, der sehr bem\u00fcht war und das umsetzte was der Coach ihm aufgetragen hatte. Lieber Paul vielen Dank auch an Deine Eltern f\u00fcr die spontane und mehr als kurzfristige Unterst\u00fctzung!<\/p>\n<p>Bei diesem Ausw\u00e4rtsdreier war sehr viel Sand im Getriebe und mit dieser am heutigen Tag abgelieferten Leistung darf man nicht zufrieden sein. Um das selbst gesteckte Ziel zu erreichen bedarf es einer erheblichen Leistungssteigerung am kommenden Samstag beim letzten Heimspiel der Vorrunde gegen Etzelskirchen. Das Beste am heutigen Spiel waren unsere pr\u00e4zise getretenen Eckst\u00f6\u00dfe. W\u00fcrde es f\u00fcr Spielaufbau und Chancenverwertung heute Schulnoten geben, w\u00fcrde im Zeugnis die Note 5 (<i>mangelhaft<\/i>) \u2013 wenn die Leistung den Anforderungen nicht entspricht, jedoch erkennen l\u00e4sst, dass die notwendigen Grundkenntnisse vorhanden sind und die M\u00e4ngel in absehbarer Zeit behoben werden &#8211; stehen!<\/p>\n<p>DJK Aufgebot<br \/>\nLuis; Daniel; Ali-Alex; Oliver; Lorenz; Konstantin; Benedikt; Ben; Arijan; Timm; Paul<\/p>\n<p>Tore:<br \/>\nB\u00fcffel (4) Ben (1) Timm (1)<\/p>\n","protected":false},"excerpt":{"rendered":"<p>Am heutigen Freitagabend durfte die D2 zu Ihrem zweiten Flutlichtspiel in dieser Saison zu den Sportfreunden nach Spardorf reisen. Der Platz war trotz des vielen Regens in den vergangenen Tagen in einem einwandfreien Zustand. Schon mit Beginn der Partie merkte &hellip; <a href=\"https:\/\/www.djk-erlangen.de\/fussball\/?p=11277\">Weiterlesen <span class=\"meta-nav\">&rarr;<\/span><\/a><\/p>\n","protected":false},"author":32,"featured_media":0,"comment_status":"open","ping_status":"closed","sticky":false,"template":"","format":"standard","meta":{"jetpack_post_was_ever_published":false,"_jetpack_newsletter_access":"","_jetpack_dont_email_post_to_subs":false,"_jetpack_newsletter_tier_id":0,"_jetpack_memberships_contains_paywalled_content":false,"_jetpack_memberships_contains_paid_content":false,"footnotes":"","jetpack_publicize_message":"","jetpack_publicize_feature_enabled":true,"jetpack_social_post_already_shared":true,"jetpack_social_options":{"image_generator_settings":{"template":"highway","default_image_id":0,"font":"","enabled":false},"version":2}},"categories":[35],"tags":[],"class_list":["post-11277","post","type-post","status-publish","format-standard","hentry","category-u13-d2"],"jetpack_publicize_connections":[],"jetpack_featured_media_url":"","jetpack_shortlink":"https:\/\/wp.me\/p2ZUr0-2VT","jetpack_sharing_enabled":true,"_links":{"self":[{"href":"https:\/\/www.djk-erlangen.de\/fussball\/index.php?rest_route=\/wp\/v2\/posts\/11277","targetHints":{"allow":["GET"]}}],"collection":[{"href":"https:\/\/www.djk-erlangen.de\/fussball\/index.php?rest_route=\/wp\/v2\/posts"}],"about":[{"href":"https:\/\/www.djk-erlangen.de\/fussball\/index.php?rest_route=\/wp\/v2\/types\/post"}],"author":[{"embeddable":true,"href":"https:\/\/www.djk-erlangen.de\/fussball\/index.php?rest_route=\/wp\/v2\/users\/32"}],"replies":[{"embeddable":true,"href":"https:\/\/www.djk-erlangen.de\/fussball\/index.php?rest_route=%2Fwp%2Fv2%2Fcomments&post=11277"}],"version-history":[{"count":2,"href":"https:\/\/www.djk-erlangen.de\/fussball\/index.php?rest_route=\/wp\/v2\/posts\/11277\/revisions"}],"predecessor-version":[{"id":11279,"href":"https:\/\/www.djk-erlangen.de\/fussball\/index.php?rest_route=\/wp\/v2\/posts\/11277\/revisions\/11279"}],"wp:attachment":[{"href":"https:\/\/www.djk-erlangen.de\/fussball\/index.php?rest_route=%2Fwp%2Fv2%2Fmedia&parent=11277"}],"wp:term":[{"taxonomy":"category","embeddable":true,"href":"https:\/\/www.djk-erlangen.de\/fussball\/index.php?rest_route=%2Fwp%2Fv2%2Fcategories&post=11277"},{"taxonomy":"post_tag","embeddable":true,"href":"https:\/\/www.djk-erlangen.de\/fussball\/index.php?rest_route=%2Fwp%2Fv2%2Ftags&post=11277"}],"curies":[{"name":"wp","href":"https:\/\/api.w.org\/{rel}","templated":true}]}}