{"id":11267,"date":"2013-11-09T23:29:47","date_gmt":"2013-11-09T22:29:47","guid":{"rendered":"http:\/\/www.djk-erlangen.de\/fussball\/?p=11267"},"modified":"2013-11-09T23:29:47","modified_gmt":"2013-11-09T22:29:47","slug":"spitzenplatz-verteidigt","status":"publish","type":"post","link":"https:\/\/www.djk-erlangen.de\/fussball\/?p=11267","title":{"rendered":"Spitzenplatz verteidigt"},"content":{"rendered":"<p>Auf einem sehr gut bespielbarem Gel\u00e4uf begr\u00fc\u00dften wir heute die Mannschaft vom TSV Neuhaus -welche als JFG NDR III an den Start gehen- bei uns im Wiesengrund. P\u00fcnktlich zum Anpfiff kam auch die Sonne zum Vorschein, welche kurzfristig keine Wintertristess sondern vielmehr Fr\u00fchlingsgef\u00fchle weckte.<\/p>\n<p><!--more--><\/p>\n<p>Mit diesen Gef\u00fchlen begannen die Weichbuben auch das Spiel. Der Zeiger war noch nicht ganz einmal rumgelaufen und schon stand es 1:0 f\u00fcr die Wiesenwegbuben. Torsch\u00fctze war unser Topscorer Ari. Dieser konnte in der 8. Spielminute mit einer sogenannten Bauernspitz auf 2:0 erh\u00f6hen. Befl\u00fcgelt durch die schnelle F\u00fchrung war es Ben vorbehalten in der 13. Minute nach sch\u00f6nem Kombinationsspiel auf 3:0 zu erh\u00f6hen.<br \/>\nDie Neuh\u00e4user waren nur damit besch\u00e4ftigt Schadensbegrenzung zu erwirken und mummelten sich mit Mann und Maus evtl. auch mit Hilfe unseres vereinseigenen Maulwurfs in der eigenen H\u00e4flte so fest ein, da\u00df f\u00fcr die Wiesenwegbuben kaum noch ein Durchkommen war. So dauerte es ganze 10 Spielminuten ehe wir mit einem erneuten Treffer das Torpolster aufbessern konnten. Nach einer musterg\u00fcltigen Hereingabe von unserem B\u00fcffel konnte der gl\u00e4nzend aufgelegte G\u00e4stetorw\u00e4chter das Spielger\u00e4t nicht sicher aufnehmen und unser Torj\u00e4ger in &#8222;spe&#8220; stand da wo ein 9er zu stehen hat! N\u00e4mlich direkt im Zentrum. Blitzschnell regagierte Timm auf den Abpraller und netzte cool und \u00fcberlegt zur 4:0 F\u00fchrung ein.<\/p>\n<p>Bei uns lief der Ball mit der sichereren F\u00fchrung im R\u00fccken nun wieder etwas fliesender und eine der sch\u00f6neren Kombinationen\u00a0 konnte kurz vor dem Seitenwechsel durch unseren B\u00fcffel mit dem 5ten Treffer am heutigen Tage abgeschlossen werden. Mit dem Pausenpfiff\u00a0 war es Dauerl\u00e4ufer Ben vorbehalten das halbe Dutzend voll zu machen. So ging man mit einem mehr als beruhigenden 6:0 in die Pause.<\/p>\n<p>Im zweiten Spielabschnitt wurde dann mal ein wenig experimentiert, soda\u00df der Zug noch vorne und in den Mannschaftsteilen die Bindung fehlte. Dies hatte jedoch nur Auswirkungen auf unser Spiel. Nachdem die G\u00e4ste mit Beginn der zweiten Halbzeit sich genauso einigelten wie im ersten Spielabschnitt, diesmal nur auf der sonnenzugewandten Seite, brauchten wir 10 Minuten ehe Daniel sich bereit erkl\u00e4rte dem munteren Scheibenschie\u00dfen ein Ende zu bereiten. V\u00f6llig aus dem Nichts gelang das Spielger\u00e4t zu unserer Nr. 3. Dieser legte sich die Kugel zurecht und zog einfach mal ab. An Mann und Maus vorbei landete der stramme Schu\u00df im unteren rechten Eck.\u00a0 So stand es 7:0 f\u00fcr die Wiesenwegkanoniere. In der Folgezeit der recht einseitigen Begegnung vers\u00e4umten wir es erneut durch die eigenen individuellen Fehler unser Torverh\u00e4ltnis zu verbessern. Das letzte Tor am heutigen Tage erzielte auf Vorlage unseres Torh\u00fcters Luis, der wegen Besch\u00e4ftigungslosigkeit im ersten Spielabschnitt in Spielh\u00e4lfte zwei im Feld agieren durfte, unser Abr\u00e4umer Lorenz.<\/p>\n<p>Mit diesem 3er haben wir unseren Spitzenplatz in der Staffel verteidigt und beim Blick auf die Tabelle entwickelt sich so zum Ende der Vorrunde ein kleiner Dreikampf um die Herbstmeisterschaft.<br \/>\nDieser Herausforderung stellen wir uns gerne&#8230;..<br \/>\nSchon am kommenden Freitag beim Flutlichtspiel um 18:00 Uhr in Spardorf.<\/p>\n<p><span style=\"text-decoration: underline;\">DJK Aufgebot:<\/span><br \/>\nLuis (31. Tim) Tim (31.Luis) Daniel; Ali-Alex; Oliver; Lorenz; Konstantin; Benedikt; Ben; Arijan; Timm<\/p>\n<p><span style=\"text-decoration: underline;\">Tore:<\/span><br \/>\nArijan (2); Ben (2); Benedikt (1); Daniel (1); Timm (1); Lorenz (1)<\/p>\n","protected":false},"excerpt":{"rendered":"<p>Auf einem sehr gut bespielbarem Gel\u00e4uf begr\u00fc\u00dften wir heute die Mannschaft vom TSV Neuhaus -welche als JFG NDR III an den Start gehen- bei uns im Wiesengrund. P\u00fcnktlich zum Anpfiff kam auch die Sonne zum Vorschein, welche kurzfristig keine Wintertristess &hellip; <a href=\"https:\/\/www.djk-erlangen.de\/fussball\/?p=11267\">Weiterlesen <span class=\"meta-nav\">&rarr;<\/span><\/a><\/p>\n","protected":false},"author":32,"featured_media":0,"comment_status":"open","ping_status":"closed","sticky":false,"template":"","format":"standard","meta":{"jetpack_post_was_ever_published":false,"_jetpack_newsletter_access":"","_jetpack_dont_email_post_to_subs":false,"_jetpack_newsletter_tier_id":0,"_jetpack_memberships_contains_paywalled_content":false,"_jetpack_memberships_contains_paid_content":false,"footnotes":"","jetpack_publicize_message":"","jetpack_publicize_feature_enabled":true,"jetpack_social_post_already_shared":true,"jetpack_social_options":{"image_generator_settings":{"template":"highway","default_image_id":0,"font":"","enabled":false},"version":2}},"categories":[35],"tags":[],"class_list":["post-11267","post","type-post","status-publish","format-standard","hentry","category-u13-d2"],"jetpack_publicize_connections":[],"jetpack_featured_media_url":"","jetpack_shortlink":"https:\/\/wp.me\/p2ZUr0-2VJ","jetpack_sharing_enabled":true,"_links":{"self":[{"href":"https:\/\/www.djk-erlangen.de\/fussball\/index.php?rest_route=\/wp\/v2\/posts\/11267","targetHints":{"allow":["GET"]}}],"collection":[{"href":"https:\/\/www.djk-erlangen.de\/fussball\/index.php?rest_route=\/wp\/v2\/posts"}],"about":[{"href":"https:\/\/www.djk-erlangen.de\/fussball\/index.php?rest_route=\/wp\/v2\/types\/post"}],"author":[{"embeddable":true,"href":"https:\/\/www.djk-erlangen.de\/fussball\/index.php?rest_route=\/wp\/v2\/users\/32"}],"replies":[{"embeddable":true,"href":"https:\/\/www.djk-erlangen.de\/fussball\/index.php?rest_route=%2Fwp%2Fv2%2Fcomments&post=11267"}],"version-history":[{"count":1,"href":"https:\/\/www.djk-erlangen.de\/fussball\/index.php?rest_route=\/wp\/v2\/posts\/11267\/revisions"}],"predecessor-version":[{"id":11268,"href":"https:\/\/www.djk-erlangen.de\/fussball\/index.php?rest_route=\/wp\/v2\/posts\/11267\/revisions\/11268"}],"wp:attachment":[{"href":"https:\/\/www.djk-erlangen.de\/fussball\/index.php?rest_route=%2Fwp%2Fv2%2Fmedia&parent=11267"}],"wp:term":[{"taxonomy":"category","embeddable":true,"href":"https:\/\/www.djk-erlangen.de\/fussball\/index.php?rest_route=%2Fwp%2Fv2%2Fcategories&post=11267"},{"taxonomy":"post_tag","embeddable":true,"href":"https:\/\/www.djk-erlangen.de\/fussball\/index.php?rest_route=%2Fwp%2Fv2%2Ftags&post=11267"}],"curies":[{"name":"wp","href":"https:\/\/api.w.org\/{rel}","templated":true}]}}