{"id":11139,"date":"2013-10-22T21:03:33","date_gmt":"2013-10-22T19:03:33","guid":{"rendered":"http:\/\/www.djk-erlangen.de\/fussball\/?p=11139"},"modified":"2013-10-23T17:01:18","modified_gmt":"2013-10-23T15:01:18","slug":"gerechte-punkteteilung-im-nachholspiel","status":"publish","type":"post","link":"https:\/\/www.djk-erlangen.de\/fussball\/?p=11139","title":{"rendered":"gerechte Punkteteilung im Nachholspiel"},"content":{"rendered":"<p>Am heutigen Trainingsdienstag durfte die D2-Jugend in den Stadtosten zur Spieli reisen. Auf dem schwierig zu bespielenden Hartplatz hatten wir heute auch mal wieder eine Premiere. Es war das erste Flutlichtspiel der Jungs.<\/p>\n<p><!--more--><\/p>\n<p>Mit dem Anpfiff des umsichtigen Schiedsrichters war allen Beteiligten und Au\u00dfenstehenden klar, dass dies heute kein Honigschlecken werden w\u00fcrde. Es entwickelte sich trotz der widrigen Platzverh\u00e4ltnisse eine abwechslungsreiche und durchaus spannende Partie.<\/p>\n<p>Auf beiden Seiten konnten sich die Torh\u00fcter heute mal in den Blickpunkt spielen und beide Mannschaften konnten sich bei ihren Schlussm\u00e4nnern bedanken, dass es mit einem torlosen Remis in die Pause ging.<\/p>\n<p>Im zweiten Spielabschnitt wollten wir dann in der Anfangsphase eine Ergebniskorrektur erzwingen, verfingen uns jedoch immer wieder in der gut gestaffelten vielbeinigen Abwehrreihe der Spieli-Kicker. Bei den gef\u00e4hrlichen Gegenst\u00f6\u00dfen war Luis heute stets auf dem Posten und rettete ein ums andere Mal vor dem einschussbereiten Angreifer.<\/p>\n<p>So endete eine packende Begegnung mit einem f\u00fcr beide Seiten verdienten 0:0-Unentschieden.<\/p>\n<p>DJK Aufgebot:<br \/>\nLuis; Tim; Daniel; Ali-Alex; Oliver; Lorenz; Konstantin; Benedikt; Ben; Arijan; Timm; Florian<\/p>\n","protected":false},"excerpt":{"rendered":"<p>Am heutigen Trainingsdienstag durfte die D2-Jugend in den Stadtosten zur Spieli reisen. Auf dem schwierig zu bespielenden Hartplatz hatten wir heute auch mal wieder eine Premiere. Es war das erste Flutlichtspiel der Jungs.<\/p>\n","protected":false},"author":32,"featured_media":0,"comment_status":"open","ping_status":"closed","sticky":false,"template":"","format":"standard","meta":{"jetpack_post_was_ever_published":false,"_jetpack_newsletter_access":"","_jetpack_dont_email_post_to_subs":false,"_jetpack_newsletter_tier_id":0,"_jetpack_memberships_contains_paywalled_content":false,"_jetpack_memberships_contains_paid_content":false,"footnotes":"","jetpack_publicize_message":"","jetpack_publicize_feature_enabled":true,"jetpack_social_post_already_shared":true,"jetpack_social_options":{"image_generator_settings":{"template":"highway","default_image_id":0,"font":"","enabled":false},"version":2}},"categories":[35],"tags":[],"class_list":["post-11139","post","type-post","status-publish","format-standard","hentry","category-u13-d2"],"jetpack_publicize_connections":[],"jetpack_featured_media_url":"","jetpack_shortlink":"https:\/\/wp.me\/p2ZUr0-2TF","jetpack_sharing_enabled":true,"_links":{"self":[{"href":"https:\/\/www.djk-erlangen.de\/fussball\/index.php?rest_route=\/wp\/v2\/posts\/11139","targetHints":{"allow":["GET"]}}],"collection":[{"href":"https:\/\/www.djk-erlangen.de\/fussball\/index.php?rest_route=\/wp\/v2\/posts"}],"about":[{"href":"https:\/\/www.djk-erlangen.de\/fussball\/index.php?rest_route=\/wp\/v2\/types\/post"}],"author":[{"embeddable":true,"href":"https:\/\/www.djk-erlangen.de\/fussball\/index.php?rest_route=\/wp\/v2\/users\/32"}],"replies":[{"embeddable":true,"href":"https:\/\/www.djk-erlangen.de\/fussball\/index.php?rest_route=%2Fwp%2Fv2%2Fcomments&post=11139"}],"version-history":[{"count":4,"href":"https:\/\/www.djk-erlangen.de\/fussball\/index.php?rest_route=\/wp\/v2\/posts\/11139\/revisions"}],"predecessor-version":[{"id":11156,"href":"https:\/\/www.djk-erlangen.de\/fussball\/index.php?rest_route=\/wp\/v2\/posts\/11139\/revisions\/11156"}],"wp:attachment":[{"href":"https:\/\/www.djk-erlangen.de\/fussball\/index.php?rest_route=%2Fwp%2Fv2%2Fmedia&parent=11139"}],"wp:term":[{"taxonomy":"category","embeddable":true,"href":"https:\/\/www.djk-erlangen.de\/fussball\/index.php?rest_route=%2Fwp%2Fv2%2Fcategories&post=11139"},{"taxonomy":"post_tag","embeddable":true,"href":"https:\/\/www.djk-erlangen.de\/fussball\/index.php?rest_route=%2Fwp%2Fv2%2Ftags&post=11139"}],"curies":[{"name":"wp","href":"https:\/\/api.w.org\/{rel}","templated":true}]}}