{"id":11131,"date":"2013-10-15T21:14:29","date_gmt":"2013-10-15T19:14:29","guid":{"rendered":"http:\/\/www.djk-erlangen.de\/fussball\/?p=11131"},"modified":"2013-10-15T21:16:28","modified_gmt":"2013-10-15T19:16:28","slug":"sieg-im-alterlanger-derby","status":"publish","type":"post","link":"https:\/\/www.djk-erlangen.de\/fussball\/?p=11131","title":{"rendered":"Sieg im Alterlanger Derby"},"content":{"rendered":"<p>Bei na\u00dfkaltem Herbstwetter trafen die Weich Buben heute in einem vorgezogenen Nachholspiel gegen die Nachbarkicker vom TVE an. \u00dcbermotiviert begann man die Partie und erm\u00f6glichte so den G\u00e4sten vom Kosbacher Weg, den einen oder anderen gef\u00e4hrlichen Vorsto\u00df in den ersten Spielminuten. In der 10. Spielminute zeigte der Referee nach einer unsportlichen Attacke im Strafraum berechtigt auf den omin\u00f6sen Punkt.<\/p>\n<p><!--more--><\/p>\n<p>Dieser Strafsto\u00df wurde \u00e4u\u00dfert leichtfertig verschossen und sorgte jedoch gleichzeitig f\u00fcr den Hallo Wacheffekt bei den Wiesenwegbuben. Trotz ungewohnt vieler Stockfehler erzielt unser B\u00fcffel in der 15. Minute das 1:0. Nur vier Minuten sp\u00e4ter war es Daniel vorbehalten mit einer sch\u00f6nen Direktabnahme auf 2:0 zu erh\u00f6hen. Wer glaubte, da\u00df sich das Spiel jetzt von der Spielanlage verbesserte, oder eine gewisse Sicherheit eintrat, sah sich get\u00e4uscht. Leichtfertig wurde das Spielger\u00e4t immer wieder verloren und von Kombinationsspiel konnte trotz Feld\u00fcberlegenheit auch nicht die Rede sein. Einziger Lichtblick in dieser Situation war unsere E1 Leihgabe Elias der k\u00fchlen Kopf bewahrte und nach einer Ecke von Konstantin kurz vor dem Pausenpfiff die Wiesenwegbuben mit 3:0 in Front brachte.<br \/>\nDiese Leistung lie\u00df sich der Trainer trotz der F\u00fchrung nicht gefallen und beorderte die komplette Mannschaft zur Pausenandacht in die DJK Katakomben. Diese mu\u00df sehr kurz und pregnant ausgefallen sein, denn nach 5 Minuten waren die Jungs schon wieder auf dem Platz.<\/p>\n<p>Anscheinend hat die Kabinenpredigt Fr\u00fcchte getragen, denn binnen einer Spielminute konnte nach einer sch\u00f6nen Flanke von B\u00fcffel auf Arijan, dieser, sowie im Gegenzug der vorherige Flankengeber himself das Ergebnis auf 5:0 in die H\u00f6he schrauben. Jetzt war auch das Spiel deutlich besser und man lie\u00df wie zu oft auch in dieser Spielzeit schon einige ganz klare Chancen brach liegen. F\u00fcr den Schlu\u00dfpunkt am heutigen Tage sorgte dann erneut unser White Buffalo, der diesmal nach musterg\u00fcltigen Pa\u00df von Arijan zum 6:0 vollstrecken konnte. In der verbleibenden Spielzeit verfielen wir wieder in den Trott der ersten Halbzeit und vers\u00e4umten es, dadurch den G\u00e4sten das eine oder andere weitere Gastgeschenk mit in den Kosbacher Weg zu geben.<\/p>\n<p>Folglich braucht man beim Blick auf die Tabelle auch nicht schon zu H\u00f6henfl\u00fcgen aufzubrechen, denn bereits am kommenden Dienstag erwartet uns beim Ausw\u00e4rtsspiel im Stadtosten gegen die Spieli IV ein mit an Sicherheit grenzender Wahrscheinlichkeit viel st\u00e4rkerer Gegner der uns mit dieser gezeigten Leistung von heute deutlich die Grenzen aufzeigen kann. Auch wenn wir dann wieder auf unseren Egoshooter zur\u00fcck greifen k\u00f6nnen.<\/p>\n<p>DJK Aufgebot:<br \/>\nLuis; Daniel; Ali-Alex; Oliver; Lorenz; Konstantin; B\u00fcffel; Ben; Arijan; Timm; Elias<\/p>\n<p>Tore: B\u00fcffel (3); Arijan (1); Daniel (1); Elias (1);<\/p>\n","protected":false},"excerpt":{"rendered":"<p>Bei na\u00dfkaltem Herbstwetter trafen die Weich Buben heute in einem vorgezogenen Nachholspiel gegen die Nachbarkicker vom TVE an. \u00dcbermotiviert begann man die Partie und erm\u00f6glichte so den G\u00e4sten vom Kosbacher Weg, den einen oder anderen gef\u00e4hrlichen Vorsto\u00df in den ersten &hellip; <a href=\"https:\/\/www.djk-erlangen.de\/fussball\/?p=11131\">Weiterlesen <span class=\"meta-nav\">&rarr;<\/span><\/a><\/p>\n","protected":false},"author":32,"featured_media":0,"comment_status":"open","ping_status":"closed","sticky":false,"template":"","format":"standard","meta":{"jetpack_post_was_ever_published":false,"_jetpack_newsletter_access":"","_jetpack_dont_email_post_to_subs":false,"_jetpack_newsletter_tier_id":0,"_jetpack_memberships_contains_paywalled_content":false,"_jetpack_memberships_contains_paid_content":false,"footnotes":"","jetpack_publicize_message":"","jetpack_publicize_feature_enabled":true,"jetpack_social_post_already_shared":true,"jetpack_social_options":{"image_generator_settings":{"template":"highway","default_image_id":0,"font":"","enabled":false},"version":2}},"categories":[35],"tags":[],"class_list":["post-11131","post","type-post","status-publish","format-standard","hentry","category-u13-d2"],"jetpack_publicize_connections":[],"jetpack_featured_media_url":"","jetpack_shortlink":"https:\/\/wp.me\/p2ZUr0-2Tx","jetpack_sharing_enabled":true,"_links":{"self":[{"href":"https:\/\/www.djk-erlangen.de\/fussball\/index.php?rest_route=\/wp\/v2\/posts\/11131","targetHints":{"allow":["GET"]}}],"collection":[{"href":"https:\/\/www.djk-erlangen.de\/fussball\/index.php?rest_route=\/wp\/v2\/posts"}],"about":[{"href":"https:\/\/www.djk-erlangen.de\/fussball\/index.php?rest_route=\/wp\/v2\/types\/post"}],"author":[{"embeddable":true,"href":"https:\/\/www.djk-erlangen.de\/fussball\/index.php?rest_route=\/wp\/v2\/users\/32"}],"replies":[{"embeddable":true,"href":"https:\/\/www.djk-erlangen.de\/fussball\/index.php?rest_route=%2Fwp%2Fv2%2Fcomments&post=11131"}],"version-history":[{"count":2,"href":"https:\/\/www.djk-erlangen.de\/fussball\/index.php?rest_route=\/wp\/v2\/posts\/11131\/revisions"}],"predecessor-version":[{"id":11133,"href":"https:\/\/www.djk-erlangen.de\/fussball\/index.php?rest_route=\/wp\/v2\/posts\/11131\/revisions\/11133"}],"wp:attachment":[{"href":"https:\/\/www.djk-erlangen.de\/fussball\/index.php?rest_route=%2Fwp%2Fv2%2Fmedia&parent=11131"}],"wp:term":[{"taxonomy":"category","embeddable":true,"href":"https:\/\/www.djk-erlangen.de\/fussball\/index.php?rest_route=%2Fwp%2Fv2%2Fcategories&post=11131"},{"taxonomy":"post_tag","embeddable":true,"href":"https:\/\/www.djk-erlangen.de\/fussball\/index.php?rest_route=%2Fwp%2Fv2%2Ftags&post=11131"}],"curies":[{"name":"wp","href":"https:\/\/api.w.org\/{rel}","templated":true}]}}