{"id":11114,"date":"2013-10-12T17:38:42","date_gmt":"2013-10-12T15:38:42","guid":{"rendered":"http:\/\/www.djk-erlangen.de\/fussball\/?p=11114"},"modified":"2013-10-13T19:47:06","modified_gmt":"2013-10-13T17:47:06","slug":"die-kleine-serie-haelt-an","status":"publish","type":"post","link":"https:\/\/www.djk-erlangen.de\/fussball\/?p=11114","title":{"rendered":"Die kleine Serie h\u00e4lt an"},"content":{"rendered":"<p>Am heutige Heimspielsamstag der D2 trafen wir auf eine Mannschaft, welche uns so noch gar nicht gel\u00e4ufig war. Zu Gast waren die Kicker der JFG Regnitztal.<\/p>\n<p>P\u00fcnktlich um 11:00 Uhr wurde die Begegnung angepfiffen. Auch heute waren wir ab der ersten Minute konzentriert auf dem Platz und wollten die 3 Punkte unbedingt einfahren.<\/p>\n<p><!--more-->Der Gegner hielt in der Anfangsphase gut mit und kam das eine oder andere Mal vor unser Geh\u00e4use. Jedoch ohne z\u00e4hlbaren Erfolg.<br \/>\nIn der 9. Spielminute war es dann mit der Herrlichkeit und den Einladungsgeschenken vorbei. Goalie Arijan war es vorbehalten, die Wiesenwegbuben mit 1:0 in Front zu schie\u00dfen.<br \/>\nDen n\u00e4chsten Treffer erzielte unser Timm in gewohnter Abstaubermanier in der 16. Minute.<br \/>\nVor der Pause konnte Wirbelwind Ben noch auf 3:0 erh\u00f6hen. Mit diesem sicheren Vorsprung wechselte man auch die Seiten.<\/p>\n<p>Gleich nach Wiederanpfiff sorgte Daniel mit einem sehenswerten Distanzschuss f\u00fcr das 4:0. Die Wiesenwegkanoniere waren zur\u00fcck. Mit zunehmender Spieldauer wurden die G\u00e4ste mehr und mehr in der eigenen H\u00e4lfte eingeschn\u00fcrt. Dieser kompakte Abwehrverbund machte es uns schwer den besser positionierten Kameraden anzuspielen. So mussten f\u00fcr weitere Treffer Einzelaktionen her.<br \/>\nDen Anfang machte dann am heutigen Tag unser Mittelfeldmotor und Capitano Konstantin. Er tankte sich sehenswert durch und konnte so die nicht vorhandene Anzeigentafel auf 5:0 stellen.<br \/>\nDen n\u00e4chsten Treffer besorgte nach einem sch\u00f6nen Alleingang in der 42. Minute unser Egoshooter Flo. Bums da stand es dann 6:0!<br \/>\nKeine Minute sp\u00e4ter fasste sich Oli ein Herz und erh\u00f6hte mit einem Fernschuss auf 7:0 f\u00fcr die Weich-Sch\u00fctzlinge.<br \/>\nZwei Minuten vor dem Schlusspfiff war es erneut Goalie Ari vorenthalten, die seinigen Farben mit dem 8:0 zum 4. Sieg im 5. Spiel zu f\u00fchren.<\/p>\n<p>Auch wenn das Ergebnis eine deutliche Sprache spricht, aber bei einer noch konsequenteren Spielweise und mehr Abgekl\u00e4rtheit vor dem Tor, h\u00e4tten sich die G\u00e4ste \u00fcber weitere Gegentreffer nicht beschweren k\u00f6nnen. Unser Torh\u00fcter war heute erneut besch\u00e4ftigungslos! Markant ist auch, dass Spieler aus allen Mannschaftsteilen unter den Torsch\u00fctzen waren und das spricht eigentlich f\u00fcr eine ausgeglichene Truppe.<\/p>\n<p><span style=\"line-height: 1.7em;\">Diesen Aufw\u00e4rtstrend der letzten Wochen gilt es in der bevorstehenden englischen Woche nun zu best\u00e4tigen. Am kommenden Dienstag, 15.10.13 kommt unser Nachbar vom Kosbacher Weg in den Wiesengrund. Am folgenden Sonnabend kommt es dann zum Kr\u00e4ftemessen im Erlanger Osten gegen die Spieli IV. Sicherlich keine Mannschaft, welche man im Schongang mitnimmt.<\/span><\/p>\n<p><span style=\"text-decoration: underline;\">DJK Aufgebot:<\/span><br \/>\nLuis; Tim; Daniel; Ali-Alex; Oliver; Lorenz; Ben; Arijan; Timm; Egoshooter Flo;<\/p>\n<p><span style=\"text-decoration: underline;\">DJK Tore:<br \/>\n<\/span>Arijan (2) Timm (1); Ben (1); Daniel (1); Konstantin (1); Flo (1); Oliver (1);<\/p>\n","protected":false},"excerpt":{"rendered":"<p>Am heutige Heimspielsamstag der D2 trafen wir auf eine Mannschaft, welche uns so noch gar nicht gel\u00e4ufig war. Zu Gast waren die Kicker der JFG Regnitztal. P\u00fcnktlich um 11:00 Uhr wurde die Begegnung angepfiffen. Auch heute waren wir ab der &hellip; <a href=\"https:\/\/www.djk-erlangen.de\/fussball\/?p=11114\">Weiterlesen <span class=\"meta-nav\">&rarr;<\/span><\/a><\/p>\n","protected":false},"author":32,"featured_media":0,"comment_status":"open","ping_status":"closed","sticky":false,"template":"","format":"standard","meta":{"jetpack_post_was_ever_published":false,"_jetpack_newsletter_access":"","_jetpack_dont_email_post_to_subs":false,"_jetpack_newsletter_tier_id":0,"_jetpack_memberships_contains_paywalled_content":false,"_jetpack_memberships_contains_paid_content":false,"footnotes":"","jetpack_publicize_message":"","jetpack_publicize_feature_enabled":true,"jetpack_social_post_already_shared":true,"jetpack_social_options":{"image_generator_settings":{"template":"highway","default_image_id":0,"font":"","enabled":false},"version":2}},"categories":[35],"tags":[],"class_list":["post-11114","post","type-post","status-publish","format-standard","hentry","category-u13-d2"],"jetpack_publicize_connections":[],"jetpack_featured_media_url":"","jetpack_shortlink":"https:\/\/wp.me\/p2ZUr0-2Tg","jetpack_sharing_enabled":true,"_links":{"self":[{"href":"https:\/\/www.djk-erlangen.de\/fussball\/index.php?rest_route=\/wp\/v2\/posts\/11114","targetHints":{"allow":["GET"]}}],"collection":[{"href":"https:\/\/www.djk-erlangen.de\/fussball\/index.php?rest_route=\/wp\/v2\/posts"}],"about":[{"href":"https:\/\/www.djk-erlangen.de\/fussball\/index.php?rest_route=\/wp\/v2\/types\/post"}],"author":[{"embeddable":true,"href":"https:\/\/www.djk-erlangen.de\/fussball\/index.php?rest_route=\/wp\/v2\/users\/32"}],"replies":[{"embeddable":true,"href":"https:\/\/www.djk-erlangen.de\/fussball\/index.php?rest_route=%2Fwp%2Fv2%2Fcomments&post=11114"}],"version-history":[{"count":3,"href":"https:\/\/www.djk-erlangen.de\/fussball\/index.php?rest_route=\/wp\/v2\/posts\/11114\/revisions"}],"predecessor-version":[{"id":11123,"href":"https:\/\/www.djk-erlangen.de\/fussball\/index.php?rest_route=\/wp\/v2\/posts\/11114\/revisions\/11123"}],"wp:attachment":[{"href":"https:\/\/www.djk-erlangen.de\/fussball\/index.php?rest_route=%2Fwp%2Fv2%2Fmedia&parent=11114"}],"wp:term":[{"taxonomy":"category","embeddable":true,"href":"https:\/\/www.djk-erlangen.de\/fussball\/index.php?rest_route=%2Fwp%2Fv2%2Fcategories&post=11114"},{"taxonomy":"post_tag","embeddable":true,"href":"https:\/\/www.djk-erlangen.de\/fussball\/index.php?rest_route=%2Fwp%2Fv2%2Ftags&post=11114"}],"curies":[{"name":"wp","href":"https:\/\/api.w.org\/{rel}","templated":true}]}}