{"id":11043,"date":"2013-09-28T15:45:37","date_gmt":"2013-09-28T13:45:37","guid":{"rendered":"http:\/\/www.djk-erlangen.de\/fussball\/?p=11043"},"modified":"2013-09-28T15:45:37","modified_gmt":"2013-09-28T13:45:37","slug":"ueberzeugender-auftritt","status":"publish","type":"post","link":"https:\/\/www.djk-erlangen.de\/fussball\/?p=11043","title":{"rendered":"\u00fcberzeugender Auftritt"},"content":{"rendered":"<p>Bei fast hochsommerlichen Temperaturen hatte die D2 Jugend am heutigen Samstag die Kicker von der Schallershofer Stra\u00dfe zu Gast. Mit Beginn der Begegnung war gleich klar wer hier und heute Herr im Hause ist. Unmittelbar nach dem Anpfiff erzielte unser Sturmtank Arijan das 1:0 f\u00fcr die Wiesenwegbuben. Ehe sich die G\u00e4ste besinnen konnten erh\u00f6hte erneut Oberkanonier Arijan auf 2:0<\/p>\n<p><!--more--><\/p>\n<p>Nachdem sich nach dieser schnellen F\u00fchrung nun irgendwie jeder an dem munteren Scheibenschie\u00dfen beteiligen wollte, dauerte es bis zur 19. Minute ehe unser B\u00fcffel auf 3:0 erh\u00f6hen konnte. F\u00fcr den n\u00e4chsten Treffer sorgten dann die v\u00f6llig \u00fcberforderten G\u00e4ste selber durch ein Eigentor. Kurz vor der Pause war es unserem heute erneut sehr agilen Ben vorbehalten die Wiesenwegkanoniere mit 5:0 in Front zu bringen.<\/p>\n<p>Im zweiten Spielabschnitt das gleiche Bild wie in den ersten 30 Spielminuten. Die Kicker von der Schallershofer Stra\u00dfe schn\u00fcrten sich in der eigenen H\u00e4lfte ein und mauerten mit Mann und Maus gegen die Angriffsmaschinerie vom Wiesenweg.<br \/>\nBen gelang in der 40. Minute der sechste Treffer bei sch\u00f6nstem Fu\u00dfballwetter. Unser Capitano Konstantin kr\u00f6nte seine gute Leistung nur 3 Minuten sp\u00e4ter mit dem 7:0. Damit war aber noch nicht Ende am heutigen Tage. Erneut Ben markierte in Spielminute 47 das 8:0 f\u00fcr die Wiesenwegkanoniere. Das 9:0 steuerte unser Torj\u00e4ger Arijan bei. F\u00fcr den k\u00f6nnenden Abschlu\u00df -und somit war es dann auch zweistellig &#8211; zeichnete unser Capitano verantwortlich.<\/p>\n<p>Mit diesem Ergebnis waren die G\u00e4ste noch gut bedient und h\u00e4tten bei einer konzentrierteren Spielweise der Wiesenwegbuben eine deutlich h\u00f6here Abfuhr erhalten k\u00f6nnen.<\/p>\n<p><span style=\"text-decoration: underline;\">DJK Aufgebot:<\/span><br \/>\nLuis; Daniel; Ali-Alex; Oliver; Lorenz; Konstantin; Benedikt; Ben; Arijan; Timm<\/p>\n<p><span style=\"text-decoration: underline;\">Tore:<\/span><br \/>\nArijan (3); Ben (3); Konstantin (2); B\u00fcffel (1) ET (1)<\/p>\n","protected":false},"excerpt":{"rendered":"<p>Bei fast hochsommerlichen Temperaturen hatte die D2 Jugend am heutigen Samstag die Kicker von der Schallershofer Stra\u00dfe zu Gast. Mit Beginn der Begegnung war gleich klar wer hier und heute Herr im Hause ist. Unmittelbar nach dem Anpfiff erzielte unser &hellip; <a href=\"https:\/\/www.djk-erlangen.de\/fussball\/?p=11043\">Weiterlesen <span class=\"meta-nav\">&rarr;<\/span><\/a><\/p>\n","protected":false},"author":32,"featured_media":0,"comment_status":"open","ping_status":"closed","sticky":false,"template":"","format":"standard","meta":{"jetpack_post_was_ever_published":false,"_jetpack_newsletter_access":"","_jetpack_dont_email_post_to_subs":false,"_jetpack_newsletter_tier_id":0,"_jetpack_memberships_contains_paywalled_content":false,"_jetpack_memberships_contains_paid_content":false,"footnotes":"","jetpack_publicize_message":"","jetpack_publicize_feature_enabled":true,"jetpack_social_post_already_shared":true,"jetpack_social_options":{"image_generator_settings":{"template":"highway","default_image_id":0,"font":"","enabled":false},"version":2}},"categories":[35],"tags":[],"class_list":["post-11043","post","type-post","status-publish","format-standard","hentry","category-u13-d2"],"jetpack_publicize_connections":[],"jetpack_featured_media_url":"","jetpack_shortlink":"https:\/\/wp.me\/p2ZUr0-2S7","jetpack_sharing_enabled":true,"_links":{"self":[{"href":"https:\/\/www.djk-erlangen.de\/fussball\/index.php?rest_route=\/wp\/v2\/posts\/11043","targetHints":{"allow":["GET"]}}],"collection":[{"href":"https:\/\/www.djk-erlangen.de\/fussball\/index.php?rest_route=\/wp\/v2\/posts"}],"about":[{"href":"https:\/\/www.djk-erlangen.de\/fussball\/index.php?rest_route=\/wp\/v2\/types\/post"}],"author":[{"embeddable":true,"href":"https:\/\/www.djk-erlangen.de\/fussball\/index.php?rest_route=\/wp\/v2\/users\/32"}],"replies":[{"embeddable":true,"href":"https:\/\/www.djk-erlangen.de\/fussball\/index.php?rest_route=%2Fwp%2Fv2%2Fcomments&post=11043"}],"version-history":[{"count":1,"href":"https:\/\/www.djk-erlangen.de\/fussball\/index.php?rest_route=\/wp\/v2\/posts\/11043\/revisions"}],"predecessor-version":[{"id":11044,"href":"https:\/\/www.djk-erlangen.de\/fussball\/index.php?rest_route=\/wp\/v2\/posts\/11043\/revisions\/11044"}],"wp:attachment":[{"href":"https:\/\/www.djk-erlangen.de\/fussball\/index.php?rest_route=%2Fwp%2Fv2%2Fmedia&parent=11043"}],"wp:term":[{"taxonomy":"category","embeddable":true,"href":"https:\/\/www.djk-erlangen.de\/fussball\/index.php?rest_route=%2Fwp%2Fv2%2Fcategories&post=11043"},{"taxonomy":"post_tag","embeddable":true,"href":"https:\/\/www.djk-erlangen.de\/fussball\/index.php?rest_route=%2Fwp%2Fv2%2Ftags&post=11043"}],"curies":[{"name":"wp","href":"https:\/\/api.w.org\/{rel}","templated":true}]}}