{"id":10996,"date":"2013-09-21T17:03:37","date_gmt":"2013-09-21T15:03:37","guid":{"rendered":"http:\/\/www.djk-erlangen.de\/fussball\/?p=10996"},"modified":"2013-09-21T17:09:33","modified_gmt":"2013-09-21T15:09:33","slug":"gute-leistung-keine-punkte","status":"publish","type":"post","link":"https:\/\/www.djk-erlangen.de\/fussball\/?p=10996","title":{"rendered":"gute Leistung &#8211; keine Punkte"},"content":{"rendered":"<p>Gegner der neuformierten D2 am heutigen Heimspiel Samstag war die D3 der SpVgg Erlangen. Also alte Bekannte aus vergangenen Jahren im Kleinfeld.<br \/>\n<!--more--><br \/>\nIm ersten Spielabschnitt sahen die zahlreichen Zuschauer eine kampfbetonte, spannende Partie mit zahlreichen Chancen h\u00fcben wie dr\u00fcben. Mit einem leistungsgerechten 0:0 wechselte man dann<br \/>\nauch die Seiten.<\/p>\n<p>Im zweiten Spielabschnitt dann das gleiche Bild bis die G\u00e4ste einen Tick schneller am Ball waren und so unsere Abwehr aushebelten und zur F\u00fchrung einnetzen konnten.<br \/>\nDieses Gegentor brachte die Wiesenwegbuben phasenweise aus dem Konzept und an statt sich auf das Spiel und den Ausgleich zu konzentrieren wurden immer wieder die Mitspieler f\u00fcr eigene Schw\u00e4che verantwortlich gemacht.<br \/>\nEin Sonntagsschu\u00df besiegelte dann 10 Minuten vor Schlu\u00df unsere Niederlage. Sch\u00f6ner kann man ein Tor nicht machen. Rechter Pfosten, linker Pfosten, rechter Innenpfosten, da halfen alle vergeblichen Rettungsaktionen nichts mehr.<\/p>\n<p>In der Folgezeit wollte man dann mit Biegen und Brechen das Ergebnis noch korrigieren und fing sich in der Schlu\u00dfphase dann auch noch einen dritten Treffer.<\/p>\n<p>Auch wenn das Ergebnis eine klare Aussage spricht, aber auch heute war eine deutliche Leistungssteigerung zu erkennen. Jetzt gilt es den Fokus auf das n\u00e4chste Heimspiel bereits am kommenden Samstag gegen die Kicker von der Schallershoferstr. zu richten.<\/p>\n<p>DJK Aufgebot:<br \/>\nLuis; Tim; Daniel; Ali-Alex; Oliver; Lorenz; Konstantin; Benedikt; Arijan; Timm; Florian<\/p>\n","protected":false},"excerpt":{"rendered":"<p>Gegner der neuformierten D2 am heutigen Heimspiel Samstag war die D3 der SpVgg Erlangen. Also alte Bekannte aus vergangenen Jahren im Kleinfeld.<\/p>\n","protected":false},"author":32,"featured_media":0,"comment_status":"open","ping_status":"closed","sticky":false,"template":"","format":"standard","meta":{"jetpack_post_was_ever_published":false,"_jetpack_newsletter_access":"","_jetpack_dont_email_post_to_subs":false,"_jetpack_newsletter_tier_id":0,"_jetpack_memberships_contains_paywalled_content":false,"_jetpack_memberships_contains_paid_content":false,"footnotes":"","jetpack_publicize_message":"","jetpack_publicize_feature_enabled":true,"jetpack_social_post_already_shared":true,"jetpack_social_options":{"image_generator_settings":{"template":"highway","default_image_id":0,"font":"","enabled":false},"version":2}},"categories":[35],"tags":[],"class_list":["post-10996","post","type-post","status-publish","format-standard","hentry","category-u13-d2"],"jetpack_publicize_connections":[],"jetpack_featured_media_url":"","jetpack_shortlink":"https:\/\/wp.me\/p2ZUr0-2Rm","jetpack_sharing_enabled":true,"_links":{"self":[{"href":"https:\/\/www.djk-erlangen.de\/fussball\/index.php?rest_route=\/wp\/v2\/posts\/10996","targetHints":{"allow":["GET"]}}],"collection":[{"href":"https:\/\/www.djk-erlangen.de\/fussball\/index.php?rest_route=\/wp\/v2\/posts"}],"about":[{"href":"https:\/\/www.djk-erlangen.de\/fussball\/index.php?rest_route=\/wp\/v2\/types\/post"}],"author":[{"embeddable":true,"href":"https:\/\/www.djk-erlangen.de\/fussball\/index.php?rest_route=\/wp\/v2\/users\/32"}],"replies":[{"embeddable":true,"href":"https:\/\/www.djk-erlangen.de\/fussball\/index.php?rest_route=%2Fwp%2Fv2%2Fcomments&post=10996"}],"version-history":[{"count":1,"href":"https:\/\/www.djk-erlangen.de\/fussball\/index.php?rest_route=\/wp\/v2\/posts\/10996\/revisions"}],"predecessor-version":[{"id":10997,"href":"https:\/\/www.djk-erlangen.de\/fussball\/index.php?rest_route=\/wp\/v2\/posts\/10996\/revisions\/10997"}],"wp:attachment":[{"href":"https:\/\/www.djk-erlangen.de\/fussball\/index.php?rest_route=%2Fwp%2Fv2%2Fmedia&parent=10996"}],"wp:term":[{"taxonomy":"category","embeddable":true,"href":"https:\/\/www.djk-erlangen.de\/fussball\/index.php?rest_route=%2Fwp%2Fv2%2Fcategories&post=10996"},{"taxonomy":"post_tag","embeddable":true,"href":"https:\/\/www.djk-erlangen.de\/fussball\/index.php?rest_route=%2Fwp%2Fv2%2Ftags&post=10996"}],"curies":[{"name":"wp","href":"https:\/\/api.w.org\/{rel}","templated":true}]}}