{"id":10963,"date":"2013-09-14T14:25:41","date_gmt":"2013-09-14T12:25:41","guid":{"rendered":"http:\/\/www.djk-erlangen.de\/fussball\/?p=10963"},"modified":"2013-09-14T14:26:26","modified_gmt":"2013-09-14T12:26:26","slug":"gelungener-saisonauftakt-2","status":"publish","type":"post","link":"https:\/\/www.djk-erlangen.de\/fussball\/?p=10963","title":{"rendered":"gelungener Saisonauftakt"},"content":{"rendered":"<p>Nach 6 Wochen punktspielfreier Zeit war es heute endlich wieder soweit. Nach einer kurzen, intensiven Vorbereitung durften wir zum Stelldichein in die Meerettichhochburg<br \/>\nnach Baiersdorf reisen.<\/p>\n<p><!--more--><\/p>\n<p>Nicht nur aufgrund der relativ unterschiedlichen Vorbeitungsspiele wu\u00dfte man so vor dem ersten Spieltag eigentlich nicht wirklich wo wir stehen. Daher begannen wir die Partie auch etwas verhalten<br \/>\nund versuchten erstmal etwas Sicherheit auf dem hervorragenden Gel\u00e4uf in unser System zu bringen.<\/p>\n<p>Das war dann jedoch in der 5. Minute bereits vorbei. Daniel fa\u00dfte sich ein Herz und zog einfach mal so aus gut 20 Metern ab und zur Verwunderung aller ging dieser Schu\u00df durch Mann und Maus hindurch und so landete das Spielger\u00e4t im gegnerischen Geh\u00e4use. Keine 3 Minuten sp\u00e4ter erh\u00f6hte Arijan nach sch\u00f6nem Zuspiel von unserem B\u00fcffel auf 2:0. Mit diesem Vorsprung bekam auch unser Spiel immer mehr Struktur und so konnte das Ergebnis durch einen Doppelschlag von Ben und Ari auf 4:0 erh\u00f6ht werden. Erneut Ari erzielte in der 20. Spielminute das 5:0 f\u00fcr die Wiesenwegkanoniere. Die auch heute wieder sehr gut agierende Leihgabe, aus der E1, Elias machte mit einem sch\u00f6nen Abstaubertor das halbe Dutzend voll. Vor der Pause konnte Oli noch auf 7:0 erh\u00f6hen. Mit diesen Resultat wechselte man auch die Seiten.<\/p>\n<p>Im zweiten Spielabschnitt das gleiche Bild. Die DJK beherrschte das Spielgeschehen und machten mit den Krenkickern was sie wollten. Nach einer sch\u00f6nen Ecke k\u00f6pfte unser Timm unmittelbar nach Wiederanpfiff musterg\u00fcltig f\u00fcr die Seinigen zum 8:0 ein.<\/p>\n<p>F\u00fcr den n\u00e4chsten Treffer in diesem Spiel sorgte unser besch\u00e4ftigungsloser Torh\u00fcter h\u00f6chstpers\u00f6nlich! Absolut sicher verwandelte Luis einen f\u00e4lligen Foul-Achtmeter zum 9:0 f\u00fcr die Kanoniere vom Wiesenweg.<\/p>\n<p>Den n\u00e4chsten Treffer machte dann nach sch\u00f6ner Einzelleistung unser Buffalo himself. Das 11:0 war wieder aus einer sch\u00f6nen Kombination heraus entstanden an dem final erneut Ben als Flankengeber in Erscheinung trat und goldrichtig Ari einsetzte, der mit einem weiteren Treffer das Ergebnis nach oben korrigierte. Erneut Oberkanonier Ari war es vorbehalten das ganze Dutzend vollzumachen.<br \/>\nEh unser Ali-Alex mit dem letzen Treffer zum 13:0 den Endstand besiegelte.<\/p>\n<p>Trotz des am Ende doch deutlichen Ergebnisses war noch nicht alles gold was gl\u00e4nzt. Vielmehr werden wir in den kommenden Wochen sicher st\u00e4rker gefordert und m\u00fcssen dann die positive Entwicklung<br \/>\naus dieser Woche auch umsetzen. Auffallend ist jedoch bis auf eine Ausnahme die Verteilung der Torsch\u00fctzen.<\/p>\n<p>DJK Aufgebot:<br \/>\nLuis; Tim; Daniel; Ali-Alex; Oliver; Lorenz; Konstantin; B\u00fcffel; Ben; Arijan; Timm; Elias<\/p>\n<p>Tore:<br \/>\nArijan (5); Ben (1) Daniel (1); Ali-Alex (1) B\u00fcffel (1); Oliver (1); Luis (1) Timm (1); Elias (1)<\/p>\n","protected":false},"excerpt":{"rendered":"<p>Nach 6 Wochen punktspielfreier Zeit war es heute endlich wieder soweit. Nach einer kurzen, intensiven Vorbereitung durften wir zum Stelldichein in die Meerettichhochburg nach Baiersdorf reisen.<\/p>\n","protected":false},"author":32,"featured_media":0,"comment_status":"open","ping_status":"closed","sticky":false,"template":"","format":"standard","meta":{"jetpack_post_was_ever_published":false,"_jetpack_newsletter_access":"","_jetpack_dont_email_post_to_subs":false,"_jetpack_newsletter_tier_id":0,"_jetpack_memberships_contains_paywalled_content":false,"_jetpack_memberships_contains_paid_content":false,"footnotes":"","jetpack_publicize_message":"","jetpack_publicize_feature_enabled":true,"jetpack_social_post_already_shared":true,"jetpack_social_options":{"image_generator_settings":{"template":"highway","default_image_id":0,"font":"","enabled":false},"version":2}},"categories":[35],"tags":[],"class_list":["post-10963","post","type-post","status-publish","format-standard","hentry","category-u13-d2"],"jetpack_publicize_connections":[],"jetpack_featured_media_url":"","jetpack_shortlink":"https:\/\/wp.me\/p2ZUr0-2QP","jetpack_sharing_enabled":true,"_links":{"self":[{"href":"https:\/\/www.djk-erlangen.de\/fussball\/index.php?rest_route=\/wp\/v2\/posts\/10963","targetHints":{"allow":["GET"]}}],"collection":[{"href":"https:\/\/www.djk-erlangen.de\/fussball\/index.php?rest_route=\/wp\/v2\/posts"}],"about":[{"href":"https:\/\/www.djk-erlangen.de\/fussball\/index.php?rest_route=\/wp\/v2\/types\/post"}],"author":[{"embeddable":true,"href":"https:\/\/www.djk-erlangen.de\/fussball\/index.php?rest_route=\/wp\/v2\/users\/32"}],"replies":[{"embeddable":true,"href":"https:\/\/www.djk-erlangen.de\/fussball\/index.php?rest_route=%2Fwp%2Fv2%2Fcomments&post=10963"}],"version-history":[{"count":2,"href":"https:\/\/www.djk-erlangen.de\/fussball\/index.php?rest_route=\/wp\/v2\/posts\/10963\/revisions"}],"predecessor-version":[{"id":10966,"href":"https:\/\/www.djk-erlangen.de\/fussball\/index.php?rest_route=\/wp\/v2\/posts\/10963\/revisions\/10966"}],"wp:attachment":[{"href":"https:\/\/www.djk-erlangen.de\/fussball\/index.php?rest_route=%2Fwp%2Fv2%2Fmedia&parent=10963"}],"wp:term":[{"taxonomy":"category","embeddable":true,"href":"https:\/\/www.djk-erlangen.de\/fussball\/index.php?rest_route=%2Fwp%2Fv2%2Fcategories&post=10963"},{"taxonomy":"post_tag","embeddable":true,"href":"https:\/\/www.djk-erlangen.de\/fussball\/index.php?rest_route=%2Fwp%2Fv2%2Ftags&post=10963"}],"curies":[{"name":"wp","href":"https:\/\/api.w.org\/{rel}","templated":true}]}}