{"id":10925,"date":"2013-09-12T14:16:48","date_gmt":"2013-09-12T12:16:48","guid":{"rendered":"http:\/\/www.djk-erlangen.de\/fussball\/?p=10925"},"modified":"2013-10-05T13:07:42","modified_gmt":"2013-10-05T11:07:42","slug":"djk-erlangen-2-bsc-erlangen-2-61","status":"publish","type":"post","link":"https:\/\/www.djk-erlangen.de\/fussball\/?p=10925","title":{"rendered":"DJK Erlangen 2 &#8211; BSC Erlangen 2    6:1"},"content":{"rendered":"<p>Die DJK zeigte von Beginn an, wer Chef aufm Platz ist und konnte fr\u00fch durch Marco M\u00fcller in F\u00fchrung gehen.<br \/>\nM\u00fcller war es auch, der die n\u00e4chsten zwei Tore erzielen konnte. Nennenswert war vor allem das zweite Tor, hier schlenzte er den Ball aus 35 Metern mit dem R\u00fccken zum Tor genau in den Winkel. Ein echtes Traumtor.<br \/>\nKurz vor der Halbzeit hatte dann der kurz zuvor eingewechselte J\u00f6rg Braun die Chance aufs 4:0, nach der Hereingabe von M\u00fcller und gutem Laufweg von J\u00f6rg Braun verpasste er allerdings den Ball knapp.<!--more--><\/p>\n<div id=\"ctl00_contPlcHldL_modBerichtText_divBlock1\">Nach dem Pausentee konnte dann Domi Pfister seine gute Leistung mit einem sch\u00f6nen Freisto\u00dftreffer kr\u00f6nen.<br \/>\nSein eben so starker Bruder erh\u00f6hte dann auf 5:0.<br \/>\nDem BSC gelang in dieser Phase des Spiels nichts mehr. So kam das 5:1 \u00e4u\u00dferst unerwartet und \u00fcberraschend. Allerdings sollte die Freude auf diesen Ehrentreffer nicht lange halten, denn kurz darauf erzielte Tobi Pfister das 6:1.<\/div>\n<div>Allgemein ist zu sagen, dass der BSC \u00fcber das ganze Spiel keine Chance gegen die DJK hatte. Und Marco M\u00fcller, Tobi und Domi Pfister haben die Schw\u00e4chen der G\u00e4ste eiskalt ausgenutzt.<\/div>\n","protected":false},"excerpt":{"rendered":"<p>Die DJK zeigte von Beginn an, wer Chef aufm Platz ist und konnte fr\u00fch durch Marco M\u00fcller in F\u00fchrung gehen. M\u00fcller war es auch, der die n\u00e4chsten zwei Tore erzielen konnte. Nennenswert war vor allem das zweite Tor, hier schlenzte &hellip; <a href=\"https:\/\/www.djk-erlangen.de\/fussball\/?p=10925\">Weiterlesen <span class=\"meta-nav\">&rarr;<\/span><\/a><\/p>\n","protected":false},"author":40,"featured_media":0,"comment_status":"open","ping_status":"closed","sticky":false,"template":"","format":"standard","meta":{"jetpack_post_was_ever_published":false,"_jetpack_newsletter_access":"","_jetpack_dont_email_post_to_subs":false,"_jetpack_newsletter_tier_id":0,"_jetpack_memberships_contains_paywalled_content":false,"_jetpack_memberships_contains_paid_content":false,"footnotes":"","jetpack_publicize_message":"","jetpack_publicize_feature_enabled":true,"jetpack_social_post_already_shared":true,"jetpack_social_options":{"image_generator_settings":{"template":"highway","default_image_id":0,"font":"","enabled":false},"version":2}},"categories":[18],"tags":[],"class_list":["post-10925","post","type-post","status-publish","format-standard","hentry","category-herren-2"],"jetpack_publicize_connections":[],"jetpack_featured_media_url":"","jetpack_shortlink":"https:\/\/wp.me\/p2ZUr0-2Qd","jetpack_sharing_enabled":true,"_links":{"self":[{"href":"https:\/\/www.djk-erlangen.de\/fussball\/index.php?rest_route=\/wp\/v2\/posts\/10925","targetHints":{"allow":["GET"]}}],"collection":[{"href":"https:\/\/www.djk-erlangen.de\/fussball\/index.php?rest_route=\/wp\/v2\/posts"}],"about":[{"href":"https:\/\/www.djk-erlangen.de\/fussball\/index.php?rest_route=\/wp\/v2\/types\/post"}],"author":[{"embeddable":true,"href":"https:\/\/www.djk-erlangen.de\/fussball\/index.php?rest_route=\/wp\/v2\/users\/40"}],"replies":[{"embeddable":true,"href":"https:\/\/www.djk-erlangen.de\/fussball\/index.php?rest_route=%2Fwp%2Fv2%2Fcomments&post=10925"}],"version-history":[{"count":5,"href":"https:\/\/www.djk-erlangen.de\/fussball\/index.php?rest_route=\/wp\/v2\/posts\/10925\/revisions"}],"predecessor-version":[{"id":11079,"href":"https:\/\/www.djk-erlangen.de\/fussball\/index.php?rest_route=\/wp\/v2\/posts\/10925\/revisions\/11079"}],"wp:attachment":[{"href":"https:\/\/www.djk-erlangen.de\/fussball\/index.php?rest_route=%2Fwp%2Fv2%2Fmedia&parent=10925"}],"wp:term":[{"taxonomy":"category","embeddable":true,"href":"https:\/\/www.djk-erlangen.de\/fussball\/index.php?rest_route=%2Fwp%2Fv2%2Fcategories&post=10925"},{"taxonomy":"post_tag","embeddable":true,"href":"https:\/\/www.djk-erlangen.de\/fussball\/index.php?rest_route=%2Fwp%2Fv2%2Ftags&post=10925"}],"curies":[{"name":"wp","href":"https:\/\/api.w.org\/{rel}","templated":true}]}}