{"id":10904,"date":"2013-09-09T13:17:22","date_gmt":"2013-09-09T11:17:22","guid":{"rendered":"http:\/\/www.djk-erlangen.de\/fussball\/?p=10904"},"modified":"2013-10-05T13:12:36","modified_gmt":"2013-10-05T11:12:36","slug":"heimniederlage-der-djk-im-spitzenspie","status":"publish","type":"post","link":"https:\/\/www.djk-erlangen.de\/fussball\/?p=10904","title":{"rendered":"Heimniederlage im Spitzenspiel DJK Erlangen I &#8211; Victoria Erlangen"},"content":{"rendered":"<div id=\"ctl00_contPlcHldL_modBerichtText_divBlock1\">Im Spitzenspiel DJK gegen Victoria spielten die ersten beide Pl\u00e4tze der Tabelle gegeneinander.<\/div>\n<div>Man merkte von Beginn an, dass beide Mannschaften gewinnen wollten, jeder Zweikampf war hart umk\u00e4mpft. Anfangs hatten beide Teams gute Chancen, <!--more-->die allerdings ungenutzt blieben. Kurz vor der Pause konnte dann M\u00fcller die Heimelf in F\u00fchrung bringen.<\/div>\n<div>Direkt nach der Pause h\u00e4tte man dann auf 2:0 erh\u00f6hen k\u00f6nnen, allerdings traf der Ball nur die Latte und im Gegensto\u00df erzielte Cleary den 1:1-Ausgleich f\u00fcr die Victoria. Cleary war es auch, der das 2:1 und das 3:1 aus Sicht der Victoria erzielte.<br \/>\nDas Spiel war generell sehr hart umk\u00e4mpft, aber gr\u00f6\u00dftenteils fair. Am Ende kann man aber sagen, dass die Victoria doch verdient gewonnen hat und zurecht ihren Siegeslauf fortsetzen konnte.<\/div>\n","protected":false},"excerpt":{"rendered":"<p>Im Spitzenspiel DJK gegen Victoria spielten die ersten beide Pl\u00e4tze der Tabelle gegeneinander. Man merkte von Beginn an, dass beide Mannschaften gewinnen wollten, jeder Zweikampf war hart umk\u00e4mpft. Anfangs hatten beide Teams gute Chancen,<\/p>\n","protected":false},"author":40,"featured_media":0,"comment_status":"open","ping_status":"closed","sticky":false,"template":"","format":"standard","meta":{"jetpack_post_was_ever_published":false,"_jetpack_newsletter_access":"","_jetpack_dont_email_post_to_subs":false,"_jetpack_newsletter_tier_id":0,"_jetpack_memberships_contains_paywalled_content":false,"_jetpack_memberships_contains_paid_content":false,"footnotes":"","jetpack_publicize_message":"","jetpack_publicize_feature_enabled":true,"jetpack_social_post_already_shared":true,"jetpack_social_options":{"image_generator_settings":{"template":"highway","default_image_id":0,"font":"","enabled":false},"version":2}},"categories":[17],"tags":[],"class_list":["post-10904","post","type-post","status-publish","format-standard","hentry","category-herren-1"],"jetpack_publicize_connections":[],"jetpack_featured_media_url":"","jetpack_shortlink":"https:\/\/wp.me\/p2ZUr0-2PS","jetpack_sharing_enabled":true,"_links":{"self":[{"href":"https:\/\/www.djk-erlangen.de\/fussball\/index.php?rest_route=\/wp\/v2\/posts\/10904","targetHints":{"allow":["GET"]}}],"collection":[{"href":"https:\/\/www.djk-erlangen.de\/fussball\/index.php?rest_route=\/wp\/v2\/posts"}],"about":[{"href":"https:\/\/www.djk-erlangen.de\/fussball\/index.php?rest_route=\/wp\/v2\/types\/post"}],"author":[{"embeddable":true,"href":"https:\/\/www.djk-erlangen.de\/fussball\/index.php?rest_route=\/wp\/v2\/users\/40"}],"replies":[{"embeddable":true,"href":"https:\/\/www.djk-erlangen.de\/fussball\/index.php?rest_route=%2Fwp%2Fv2%2Fcomments&post=10904"}],"version-history":[{"count":5,"href":"https:\/\/www.djk-erlangen.de\/fussball\/index.php?rest_route=\/wp\/v2\/posts\/10904\/revisions"}],"predecessor-version":[{"id":11083,"href":"https:\/\/www.djk-erlangen.de\/fussball\/index.php?rest_route=\/wp\/v2\/posts\/10904\/revisions\/11083"}],"wp:attachment":[{"href":"https:\/\/www.djk-erlangen.de\/fussball\/index.php?rest_route=%2Fwp%2Fv2%2Fmedia&parent=10904"}],"wp:term":[{"taxonomy":"category","embeddable":true,"href":"https:\/\/www.djk-erlangen.de\/fussball\/index.php?rest_route=%2Fwp%2Fv2%2Fcategories&post=10904"},{"taxonomy":"post_tag","embeddable":true,"href":"https:\/\/www.djk-erlangen.de\/fussball\/index.php?rest_route=%2Fwp%2Fv2%2Ftags&post=10904"}],"curies":[{"name":"wp","href":"https:\/\/api.w.org\/{rel}","templated":true}]}}