{"id":10840,"date":"2013-08-29T10:46:57","date_gmt":"2013-08-29T08:46:57","guid":{"rendered":"http:\/\/www.djk-erlangen.de\/fussball\/?p=10840"},"modified":"2013-10-05T13:17:38","modified_gmt":"2013-10-05T11:17:38","slug":"djk-erlangen-2-fc-niederlindach-22","status":"publish","type":"post","link":"https:\/\/www.djk-erlangen.de\/fussball\/?p=10840","title":{"rendered":"DJK Erlangen 2 &#8211; FC Niederlindach   2:2"},"content":{"rendered":"<div><strong>Hart umk\u00e4mpftes Unentschieden<\/strong><\/div>\n<div><\/div>\n<div id=\"ctl00_contPlcHldL_modBerichtText_divBlock1\">Die Reserve der DJK Erlangen hatte ebenso wie Niederlindach\u00a0erst ein Spiel absolviert.<br \/>\nIn der Anfangsphase legten die G\u00e4ste gut los und nach nur 15 Minuten lag die Heimmannschaft schon mit 0:2 hinten. Der weitere Spielverlauf zeigte aber, dass es sicherlich kein Leichtes werden w\u00fcrde, die F\u00fchrung zu halten oder gar auszubauen.<br \/>\n<!--more-->Nach einer knappen halben Stunde verk\u00fcrzte die Heimelf dann auf 1:2.<\/div>\n<div><span style=\"line-height: 1.7em;\">Nach der Pause wurde das Spiel deutlich h\u00e4rter und zunehmend aggressiver. Hier h\u00e4tte der Schiedsrichter vielleicht mal eine Karte zeigen k\u00f6nnen, wenn nicht sogar m\u00fcssen.<br \/>\nVor allem die Niederlindacher kommentierten viele, wenn nicht sogar alle Entscheidungen des Schiedsrichters. Man merkte nun, wie eine Unruhe aufkam und bei den G\u00e4sten nicht mehr all zu viel klappte.<br \/>\nSo konnte dann auch die DJK in der Schlussphase zum 2:2 ausgleichen, nachdem die Niederlindacher den Ball nicht aus ihrem Sechzehner kl\u00e4ren konnten.<\/span><br \/>\nSchlussendlich ist zu sagen, dass ein 2:2 wohl das gerechte Ergebnis war.<\/p>\n<\/div>\n<div><span style=\"text-decoration: underline;\">Unsere Torsch\u00fctzen:<\/span> 1:2\u00a0<strong>Julian Dirr<\/strong>, 2:2 <strong>Tobias Wein<\/strong><\/div>\n","protected":false},"excerpt":{"rendered":"<p>Hart umk\u00e4mpftes Unentschieden Die Reserve der DJK Erlangen hatte ebenso wie Niederlindach\u00a0erst ein Spiel absolviert. In der Anfangsphase legten die G\u00e4ste gut los und nach nur 15 Minuten lag die Heimmannschaft schon mit 0:2 hinten. Der weitere Spielverlauf zeigte aber, &hellip; <a href=\"https:\/\/www.djk-erlangen.de\/fussball\/?p=10840\">Weiterlesen <span class=\"meta-nav\">&rarr;<\/span><\/a><\/p>\n","protected":false},"author":40,"featured_media":0,"comment_status":"open","ping_status":"closed","sticky":false,"template":"","format":"standard","meta":{"jetpack_post_was_ever_published":false,"_jetpack_newsletter_access":"","_jetpack_dont_email_post_to_subs":false,"_jetpack_newsletter_tier_id":0,"_jetpack_memberships_contains_paywalled_content":false,"_jetpack_memberships_contains_paid_content":false,"footnotes":"","jetpack_publicize_message":"","jetpack_publicize_feature_enabled":true,"jetpack_social_post_already_shared":true,"jetpack_social_options":{"image_generator_settings":{"template":"highway","default_image_id":0,"font":"","enabled":false},"version":2}},"categories":[18],"tags":[],"class_list":["post-10840","post","type-post","status-publish","format-standard","hentry","category-herren-2"],"jetpack_publicize_connections":[],"jetpack_featured_media_url":"","jetpack_shortlink":"https:\/\/wp.me\/p2ZUr0-2OQ","jetpack_sharing_enabled":true,"_links":{"self":[{"href":"https:\/\/www.djk-erlangen.de\/fussball\/index.php?rest_route=\/wp\/v2\/posts\/10840","targetHints":{"allow":["GET"]}}],"collection":[{"href":"https:\/\/www.djk-erlangen.de\/fussball\/index.php?rest_route=\/wp\/v2\/posts"}],"about":[{"href":"https:\/\/www.djk-erlangen.de\/fussball\/index.php?rest_route=\/wp\/v2\/types\/post"}],"author":[{"embeddable":true,"href":"https:\/\/www.djk-erlangen.de\/fussball\/index.php?rest_route=\/wp\/v2\/users\/40"}],"replies":[{"embeddable":true,"href":"https:\/\/www.djk-erlangen.de\/fussball\/index.php?rest_route=%2Fwp%2Fv2%2Fcomments&post=10840"}],"version-history":[{"count":3,"href":"https:\/\/www.djk-erlangen.de\/fussball\/index.php?rest_route=\/wp\/v2\/posts\/10840\/revisions"}],"predecessor-version":[{"id":11085,"href":"https:\/\/www.djk-erlangen.de\/fussball\/index.php?rest_route=\/wp\/v2\/posts\/10840\/revisions\/11085"}],"wp:attachment":[{"href":"https:\/\/www.djk-erlangen.de\/fussball\/index.php?rest_route=%2Fwp%2Fv2%2Fmedia&parent=10840"}],"wp:term":[{"taxonomy":"category","embeddable":true,"href":"https:\/\/www.djk-erlangen.de\/fussball\/index.php?rest_route=%2Fwp%2Fv2%2Fcategories&post=10840"},{"taxonomy":"post_tag","embeddable":true,"href":"https:\/\/www.djk-erlangen.de\/fussball\/index.php?rest_route=%2Fwp%2Fv2%2Ftags&post=10840"}],"curies":[{"name":"wp","href":"https:\/\/api.w.org\/{rel}","templated":true}]}}