{"id":10794,"date":"2013-08-14T07:46:35","date_gmt":"2013-08-14T05:46:35","guid":{"rendered":"http:\/\/www.djk-erlangen.de\/fussball\/?p=10794"},"modified":"2013-08-27T14:48:02","modified_gmt":"2013-08-27T12:48:02","slug":"sv-langensendelbach2-djk-erlangen2-23","status":"publish","type":"post","link":"https:\/\/www.djk-erlangen.de\/fussball\/?p=10794","title":{"rendered":"SV Langensendelbach II &#8211; DJK Erlangen II 2:3"},"content":{"rendered":"<div><strong>G\u00e4ste treffen &#8211; SVL scheitert<\/strong><\/div>\n<div id=\"ctl00_contPlcHldL_modBerichtText_divAutor\">(von SVL II)<\/div>\n<div><\/div>\n<div id=\"ctl00_contPlcHldL_modBerichtText_divBlock1\">Am ersten Spieltag der Saison 13\/14 musste der Gastgeber gegen den Absteiger DJK Erlangen II antreten. Die G\u00e4ste aus Erlangen gingen als leichter Favorit in diese Partie und zeigten dies in den ersten 15. Minuten. Denn bereits nach zehn Minuten konnten die G\u00e4ste mit 1:0 in F\u00fchrung gehen. Ein Freisto\u00df wurde schnell ausgef\u00fchrt und die Hintermannschaft des SVL agierte zu langsam und so konnte der G\u00e4stest\u00fcrmer den Ball aus gut zehn Metern ungehindert ins lange Eck einschieben.<\/div>\n<div><!--more-->In der Folgezeit der ersten H\u00e4lfte konnten sich die Gastgeber etwas fangen und die ein oder andere Chance herausspielen. In der 35. Minute konnte Schmitt nach sch\u00f6ner Vorarbeit von Fees den Anschlusstreffer erzielen. Mit diesem Ergebnis ging es auch in die Halbzeit. Nach der Halbzeit konnte der SVL II an die Leistung der ersten H\u00e4lfte ankn\u00fcpfen und hatte einen leichten Feldvorteil im Mittelfeld. Es war jedoch wieder der Gast, welcher in der 60. Minute den n\u00e4chsten Treffer bejubeln konnte. Dem Treffer ging allerdings wieder ein Fehler in der SVL-Abwehr voraus. In der 65. Minute konnte der SVL erneut den Ausgleich erzielen. Nach einer genau getimten Flanke von Schmitt konnte Fees den Ball per Kopf \u00fcber den Keeper ins lange Eck bef\u00f6rdern.<br \/>\nDer SVL erspielte sich nun weitere, teils hochkar\u00e4tige Chancen, um in F\u00fchrung zu gehen. Die Chancen wurde aber teils sehr fahrl\u00e4ssig vergeben. In der 75. Minute konnten die G\u00e4ste erneut den F\u00fchrungstreffer zum 2:3 erzielen. Nach einem Einwurf konnte der St\u00fcrmer mit dem Ball ungehindert in den Sechzehner einlaufen und aus kurzer Distanz die Kugel ins lange Eck &#8222;hauen&#8220;. Der SVL hatte den Ausgleich nochmals auf dem Fu\u00df, vergab aber die Chance. Somit endete das Spiel mit einem durchaus verdienten Sieg f\u00fcr die DJK Erlangen. Der SVL II w\u00fcnscht beiden Teams einen verletzungsfreien und guten Saisonverlauf.<\/div>\n<div><\/div>\n<div>DJK-Torsch\u00fctzen: Tobi Pfister, Tobi Pfister und Marin Rojek<\/div>\n","protected":false},"excerpt":{"rendered":"<p>G\u00e4ste treffen &#8211; SVL scheitert (von SVL II) Am ersten Spieltag der Saison 13\/14 musste der Gastgeber gegen den Absteiger DJK Erlangen II antreten. Die G\u00e4ste aus Erlangen gingen als leichter Favorit in diese Partie und zeigten dies in den &hellip; <a href=\"https:\/\/www.djk-erlangen.de\/fussball\/?p=10794\">Weiterlesen <span class=\"meta-nav\">&rarr;<\/span><\/a><\/p>\n","protected":false},"author":40,"featured_media":0,"comment_status":"open","ping_status":"closed","sticky":false,"template":"","format":"standard","meta":{"jetpack_post_was_ever_published":false,"_jetpack_newsletter_access":"","_jetpack_dont_email_post_to_subs":false,"_jetpack_newsletter_tier_id":0,"_jetpack_memberships_contains_paywalled_content":false,"_jetpack_memberships_contains_paid_content":false,"footnotes":"","jetpack_publicize_message":"","jetpack_publicize_feature_enabled":true,"jetpack_social_post_already_shared":true,"jetpack_social_options":{"image_generator_settings":{"template":"highway","default_image_id":0,"font":"","enabled":false},"version":2}},"categories":[18],"tags":[],"class_list":["post-10794","post","type-post","status-publish","format-standard","hentry","category-herren-2"],"jetpack_publicize_connections":[],"jetpack_featured_media_url":"","jetpack_shortlink":"https:\/\/wp.me\/p2ZUr0-2O6","jetpack_sharing_enabled":true,"_links":{"self":[{"href":"https:\/\/www.djk-erlangen.de\/fussball\/index.php?rest_route=\/wp\/v2\/posts\/10794","targetHints":{"allow":["GET"]}}],"collection":[{"href":"https:\/\/www.djk-erlangen.de\/fussball\/index.php?rest_route=\/wp\/v2\/posts"}],"about":[{"href":"https:\/\/www.djk-erlangen.de\/fussball\/index.php?rest_route=\/wp\/v2\/types\/post"}],"author":[{"embeddable":true,"href":"https:\/\/www.djk-erlangen.de\/fussball\/index.php?rest_route=\/wp\/v2\/users\/40"}],"replies":[{"embeddable":true,"href":"https:\/\/www.djk-erlangen.de\/fussball\/index.php?rest_route=%2Fwp%2Fv2%2Fcomments&post=10794"}],"version-history":[{"count":5,"href":"https:\/\/www.djk-erlangen.de\/fussball\/index.php?rest_route=\/wp\/v2\/posts\/10794\/revisions"}],"predecessor-version":[{"id":10830,"href":"https:\/\/www.djk-erlangen.de\/fussball\/index.php?rest_route=\/wp\/v2\/posts\/10794\/revisions\/10830"}],"wp:attachment":[{"href":"https:\/\/www.djk-erlangen.de\/fussball\/index.php?rest_route=%2Fwp%2Fv2%2Fmedia&parent=10794"}],"wp:term":[{"taxonomy":"category","embeddable":true,"href":"https:\/\/www.djk-erlangen.de\/fussball\/index.php?rest_route=%2Fwp%2Fv2%2Fcategories&post=10794"},{"taxonomy":"post_tag","embeddable":true,"href":"https:\/\/www.djk-erlangen.de\/fussball\/index.php?rest_route=%2Fwp%2Fv2%2Ftags&post=10794"}],"curies":[{"name":"wp","href":"https:\/\/api.w.org\/{rel}","templated":true}]}}