{"id":10681,"date":"2013-07-14T21:21:27","date_gmt":"2013-07-14T19:21:27","guid":{"rendered":"http:\/\/www.djk-erlangen.de\/fussball\/?p=10681"},"modified":"2013-07-17T13:16:40","modified_gmt":"2013-07-17T11:16:40","slug":"nachster-hartetest-am-karwas-sonntag","status":"publish","type":"post","link":"https:\/\/www.djk-erlangen.de\/fussball\/?p=10681","title":{"rendered":"H\u00e4rtetest am Kerwasonntag"},"content":{"rendered":"<p>Am heutigen Kerwasonntagmittag, sozusagen zur &#8222;Prime Time&#8220;, trafen die Wiesenwegbuben auf die Kreisligatruppe des SC Feucht.<!--more-->Die Fehler vom vergangenen Freitag wurden sachlich analysiert und so ging eine stark ver\u00e4nderte Mannschaft hochmotiviert in das Spiel. Leider gerieten wir bereits in der ersten Spielminute durch einen individuellen Fehler in R\u00fcckstand.<br \/>\nIm weiteren Spielverlauf wurde dann auch den &#8211; dank des Kerwagottesdienstes am DJK-Vereinsheim &#8211; anwesenden Zuschauern ganz klar vor Augen gef\u00fchrt, warum die Hampl-Kicker Kreisliga und die Weich-Buben &#8222;nur&#8220; Kreisgruppe spielen. Bei unseren G\u00e4sten lief der Ball viel fl\u00fcssiger durch die Reihen und auch die Systemumsetzung funktionierte aus dem eff-eff!<\/p>\n<p>Wir waren heute zwar um Einiges besser als beim letzten Spiel, obwohl die Mannschaft auch wieder\u00a0ein stark ver\u00e4ndertes Gesicht hatte.<br \/>\nAllerdings wurde uns deutlich vor Augen gef\u00fchrt, in welchen Bereichen wir in den n\u00e4chsten Wochen im Training die Schwerpunkte setzen m\u00fcssen.<br \/>\nDie Mannschaft hat sich heute nach Kr\u00e4ften gewehrt, obwohl bei einigen Jungs immer noch nicht die 100%-Leistung abgerufen wurden. Positiv zu erw\u00e4hnen sei, dass unser Neuzugang Timm als einziger in den letzten Spielen nach der Punkterunde seinen Torriecher unter Beweis stellte.<\/p>\n<p>Also: Es gibt viel zu tun! Packen wir\u00b4s an!<\/p>\n<p>Danke an die Truppe von Stefan Hampl und seinem neuen Trainer und Betreuerstab f\u00fcr Euer Kommen. Uns hat es richtig Spa\u00df gemacht, gegen Euch zu spielen. Wenn wir dann mal in Bestbesetzung sind, w\u00fcrden wir uns \u00fcber eine Revanche bei Euch sehr freuen.<\/p>\n<p>DJK Aufgebot:<br \/>\nLuis; Tim; Daniel; Christian; Ali-Alex; Konstantin; Ben; Arijan; Timm; Florian<\/p>\n","protected":false},"excerpt":{"rendered":"<p>Am heutigen Kerwasonntagmittag, sozusagen zur &#8222;Prime Time&#8220;, trafen die Wiesenwegbuben auf die Kreisligatruppe des SC Feucht.<\/p>\n","protected":false},"author":32,"featured_media":0,"comment_status":"open","ping_status":"closed","sticky":false,"template":"","format":"standard","meta":{"jetpack_post_was_ever_published":false,"_jetpack_newsletter_access":"","_jetpack_dont_email_post_to_subs":false,"_jetpack_newsletter_tier_id":0,"_jetpack_memberships_contains_paywalled_content":false,"_jetpack_memberships_contains_paid_content":false,"footnotes":"","jetpack_publicize_message":"","jetpack_publicize_feature_enabled":true,"jetpack_social_post_already_shared":true,"jetpack_social_options":{"image_generator_settings":{"template":"highway","default_image_id":0,"font":"","enabled":false},"version":2}},"categories":[1,35],"tags":[],"class_list":["post-10681","post","type-post","status-publish","format-standard","hentry","category-allgemein","category-u13-d2"],"jetpack_publicize_connections":[],"jetpack_featured_media_url":"","jetpack_shortlink":"https:\/\/wp.me\/p2ZUr0-2Mh","jetpack_sharing_enabled":true,"_links":{"self":[{"href":"https:\/\/www.djk-erlangen.de\/fussball\/index.php?rest_route=\/wp\/v2\/posts\/10681","targetHints":{"allow":["GET"]}}],"collection":[{"href":"https:\/\/www.djk-erlangen.de\/fussball\/index.php?rest_route=\/wp\/v2\/posts"}],"about":[{"href":"https:\/\/www.djk-erlangen.de\/fussball\/index.php?rest_route=\/wp\/v2\/types\/post"}],"author":[{"embeddable":true,"href":"https:\/\/www.djk-erlangen.de\/fussball\/index.php?rest_route=\/wp\/v2\/users\/32"}],"replies":[{"embeddable":true,"href":"https:\/\/www.djk-erlangen.de\/fussball\/index.php?rest_route=%2Fwp%2Fv2%2Fcomments&post=10681"}],"version-history":[{"count":8,"href":"https:\/\/www.djk-erlangen.de\/fussball\/index.php?rest_route=\/wp\/v2\/posts\/10681\/revisions"}],"predecessor-version":[{"id":10786,"href":"https:\/\/www.djk-erlangen.de\/fussball\/index.php?rest_route=\/wp\/v2\/posts\/10681\/revisions\/10786"}],"wp:attachment":[{"href":"https:\/\/www.djk-erlangen.de\/fussball\/index.php?rest_route=%2Fwp%2Fv2%2Fmedia&parent=10681"}],"wp:term":[{"taxonomy":"category","embeddable":true,"href":"https:\/\/www.djk-erlangen.de\/fussball\/index.php?rest_route=%2Fwp%2Fv2%2Fcategories&post=10681"},{"taxonomy":"post_tag","embeddable":true,"href":"https:\/\/www.djk-erlangen.de\/fussball\/index.php?rest_route=%2Fwp%2Fv2%2Ftags&post=10681"}],"curies":[{"name":"wp","href":"https:\/\/api.w.org\/{rel}","templated":true}]}}