{"id":10666,"date":"2013-07-12T23:49:07","date_gmt":"2013-07-12T21:49:07","guid":{"rendered":"http:\/\/www.djk-erlangen.de\/fussball\/?p=10666"},"modified":"2013-07-14T18:49:17","modified_gmt":"2013-07-14T16:49:17","slug":"testspielauftakt","status":"publish","type":"post","link":"https:\/\/www.djk-erlangen.de\/fussball\/?p=10666","title":{"rendered":"Testspielauftakt"},"content":{"rendered":"<p>Am heutigen Freitag Abend trat die neu formierte D2-Mannschaft der DJK Erlangen zu ihrem ersten Testspiel f\u00fcr die neue Saison zu Hause gegen den TSV Neustadt\/Aisch an.<br \/>\n<!--more--><\/p>\n<p>Neue Saison und viele Ver\u00e4nderungen. Ab der D-Jugend spielt man im sog. verkleinerten Gro\u00dffeld mit 8 Feldspielern zzgl. Torh\u00fcter. Auch gilt jetzt die Abseits- sowie R\u00fcckpassregel.<br \/>\nAlso schon einige Umstellungen f\u00fcr die Kinder.<br \/>\nNachdem im Training bereits verschiedenste Spielsituationen angesprochen wurden, waren alle gespannt, wie die Umstellungen angenommen werden.<\/p>\n<p>Schon nach wenigen Spielminuten war zu erkennen, dass wir uns ein bisschen schwerer taten als der Gegner. Da lief der Ball irgendwie besser als in unseren Reihen. Auch kamen die G\u00e4ste immer wieder durch geschicktes Verschieben zu ausreichenden Torchancen.<\/p>\n<p>Auch hier wurden wir dann eines Besseren belehrt. Abseits kennen die Jungs zwar aus dem Fernsehen, aber wie man im eigenen Spiel damit umgeht, bedarf noch etwas intensiveren Schulungs-\/Trainings-einheiten. Durch individuelle Stellungsfehler konnten die G\u00e4ste ihre Tore erzielen.<\/p>\n<p>Auch das disziplinierte Spiel im Raum wird sicher noch eine Weile brauchen, bis die Jungs das umsetzen k\u00f6nnen.<\/p>\n<p>Das Wichtigste an dieser ersten Standortbestimmung war, dass die Jungs sich mit dem neuen Gel\u00e4uf vertraut gemacht haben. Alles andere bringt die Zeit und die w\u00f6chentliche Arbeit im Training.<br \/>\nAuch haben uns heute verletzungsbedingt und aus privaten Gr\u00fcnden wichtige Spieler gefehlt!<\/p>\n<p>Am kommenden Sonntag, erwarten wir keine leichtere Aufgabe, sondern vielmehr einen ganz gro\u00dfen Brocken! Denn da kommt der 1. SC Feucht best\u00fcckt mit Neuzug\u00e4ngen aus Fischbach und Postbaur Heng zu uns an den Wiesengrund!<\/p>\n<p>Wenn dann die Einstellung stimmt, k\u00f6nnen wir uns auf ein ausgeglichenes Spiel freuen!<\/p>\n<p>Kleinfeld war gestern! Ab sofort findet Fu\u00dfballspielen auch im Kopf statt!<\/p>\n<p>DJK Aufgebot:<br \/>\nLuis; Tim; Daniel; Hannes; Ali Alex; Konstantin; Lasse; Ben; Arijan; Florian; Timm<\/p>\n","protected":false},"excerpt":{"rendered":"<p>Am heutigen Freitag Abend trat die neu formierte D2-Mannschaft der DJK Erlangen zu ihrem ersten Testspiel f\u00fcr die neue Saison zu Hause gegen den TSV Neustadt\/Aisch an.<\/p>\n","protected":false},"author":32,"featured_media":0,"comment_status":"open","ping_status":"closed","sticky":false,"template":"","format":"standard","meta":{"jetpack_post_was_ever_published":false,"_jetpack_newsletter_access":"","_jetpack_dont_email_post_to_subs":false,"_jetpack_newsletter_tier_id":0,"_jetpack_memberships_contains_paywalled_content":false,"_jetpack_memberships_contains_paid_content":false,"footnotes":"","jetpack_publicize_message":"","jetpack_publicize_feature_enabled":true,"jetpack_social_post_already_shared":true,"jetpack_social_options":{"image_generator_settings":{"template":"highway","default_image_id":0,"font":"","enabled":false},"version":2}},"categories":[35],"tags":[],"class_list":["post-10666","post","type-post","status-publish","format-standard","hentry","category-u13-d2"],"jetpack_publicize_connections":[],"jetpack_featured_media_url":"","jetpack_shortlink":"https:\/\/wp.me\/p2ZUr0-2M2","jetpack_sharing_enabled":true,"_links":{"self":[{"href":"https:\/\/www.djk-erlangen.de\/fussball\/index.php?rest_route=\/wp\/v2\/posts\/10666","targetHints":{"allow":["GET"]}}],"collection":[{"href":"https:\/\/www.djk-erlangen.de\/fussball\/index.php?rest_route=\/wp\/v2\/posts"}],"about":[{"href":"https:\/\/www.djk-erlangen.de\/fussball\/index.php?rest_route=\/wp\/v2\/types\/post"}],"author":[{"embeddable":true,"href":"https:\/\/www.djk-erlangen.de\/fussball\/index.php?rest_route=\/wp\/v2\/users\/32"}],"replies":[{"embeddable":true,"href":"https:\/\/www.djk-erlangen.de\/fussball\/index.php?rest_route=%2Fwp%2Fv2%2Fcomments&post=10666"}],"version-history":[{"count":5,"href":"https:\/\/www.djk-erlangen.de\/fussball\/index.php?rest_route=\/wp\/v2\/posts\/10666\/revisions"}],"predecessor-version":[{"id":10680,"href":"https:\/\/www.djk-erlangen.de\/fussball\/index.php?rest_route=\/wp\/v2\/posts\/10666\/revisions\/10680"}],"wp:attachment":[{"href":"https:\/\/www.djk-erlangen.de\/fussball\/index.php?rest_route=%2Fwp%2Fv2%2Fmedia&parent=10666"}],"wp:term":[{"taxonomy":"category","embeddable":true,"href":"https:\/\/www.djk-erlangen.de\/fussball\/index.php?rest_route=%2Fwp%2Fv2%2Fcategories&post=10666"},{"taxonomy":"post_tag","embeddable":true,"href":"https:\/\/www.djk-erlangen.de\/fussball\/index.php?rest_route=%2Fwp%2Fv2%2Ftags&post=10666"}],"curies":[{"name":"wp","href":"https:\/\/api.w.org\/{rel}","templated":true}]}}