{"id":10617,"date":"2013-07-10T21:00:25","date_gmt":"2013-07-10T19:00:25","guid":{"rendered":"http:\/\/www.djk-erlangen.de\/fussball\/?p=10617"},"modified":"2013-07-11T17:45:41","modified_gmt":"2013-07-11T15:45:41","slug":"sommercup-2013","status":"publish","type":"post","link":"https:\/\/www.djk-erlangen.de\/fussball\/?p=10617","title":{"rendered":"&#8222;Umzug&#8220; komplett"},"content":{"rendered":"<p>Der <a title=\"Wir ziehen um!\" href=\"http:\/\/www.djk-erlangen.de\/fussball\/?p=10520\">angek\u00fcndigte Umzug<\/a>\u00a0unserer Webseiten der Jugendmannschaften ist wieder reibungslos \u00fcber die B\u00fchne gegangen!<br \/>\nDie neuen Seiten werden nun sukzessive mit den entsprechenden Informationen bef\u00fcllt. Viel Spa\u00df beim St\u00f6bern.<\/p>\n<p>An dieser Stelle ein gro\u00dfes Lob an unsere Webmaster f\u00fcr die rasche Umsetzung.\u00a0<span style=\"line-height: 1.7em;\">Ihr seid ein tolles Team. Herzlichen Dank f\u00fcr Eure ehrenamtliche T\u00e4tigkeit im familienfreundlichsten Verein Erlangens!<\/span><\/p>\n","protected":false},"excerpt":{"rendered":"<p>Der angek\u00fcndigte Umzug\u00a0unserer Webseiten der Jugendmannschaften ist wieder reibungslos \u00fcber die B\u00fchne gegangen! Die neuen Seiten werden nun sukzessive mit den entsprechenden Informationen bef\u00fcllt. Viel Spa\u00df beim St\u00f6bern. An dieser Stelle ein gro\u00dfes Lob an unsere Webmaster f\u00fcr die rasche &hellip; <a href=\"https:\/\/www.djk-erlangen.de\/fussball\/?p=10617\">Weiterlesen <span class=\"meta-nav\">&rarr;<\/span><\/a><\/p>\n","protected":false},"author":32,"featured_media":0,"comment_status":"open","ping_status":"closed","sticky":false,"template":"","format":"standard","meta":{"jetpack_post_was_ever_published":false,"_jetpack_newsletter_access":"","_jetpack_dont_email_post_to_subs":false,"_jetpack_newsletter_tier_id":0,"_jetpack_memberships_contains_paywalled_content":false,"_jetpack_memberships_contains_paid_content":false,"footnotes":"","jetpack_publicize_message":"","jetpack_publicize_feature_enabled":true,"jetpack_social_post_already_shared":true,"jetpack_social_options":{"image_generator_settings":{"template":"highway","default_image_id":0,"font":"","enabled":false},"version":2}},"categories":[8,35],"tags":[],"class_list":["post-10617","post","type-post","status-publish","format-standard","hentry","category-u11-e1","category-u13-d2"],"jetpack_publicize_connections":[],"jetpack_featured_media_url":"","jetpack_shortlink":"https:\/\/wp.me\/p2ZUr0-2Lf","jetpack_sharing_enabled":true,"_links":{"self":[{"href":"https:\/\/www.djk-erlangen.de\/fussball\/index.php?rest_route=\/wp\/v2\/posts\/10617","targetHints":{"allow":["GET"]}}],"collection":[{"href":"https:\/\/www.djk-erlangen.de\/fussball\/index.php?rest_route=\/wp\/v2\/posts"}],"about":[{"href":"https:\/\/www.djk-erlangen.de\/fussball\/index.php?rest_route=\/wp\/v2\/types\/post"}],"author":[{"embeddable":true,"href":"https:\/\/www.djk-erlangen.de\/fussball\/index.php?rest_route=\/wp\/v2\/users\/32"}],"replies":[{"embeddable":true,"href":"https:\/\/www.djk-erlangen.de\/fussball\/index.php?rest_route=%2Fwp%2Fv2%2Fcomments&post=10617"}],"version-history":[{"count":15,"href":"https:\/\/www.djk-erlangen.de\/fussball\/index.php?rest_route=\/wp\/v2\/posts\/10617\/revisions"}],"predecessor-version":[{"id":10620,"href":"https:\/\/www.djk-erlangen.de\/fussball\/index.php?rest_route=\/wp\/v2\/posts\/10617\/revisions\/10620"}],"wp:attachment":[{"href":"https:\/\/www.djk-erlangen.de\/fussball\/index.php?rest_route=%2Fwp%2Fv2%2Fmedia&parent=10617"}],"wp:term":[{"taxonomy":"category","embeddable":true,"href":"https:\/\/www.djk-erlangen.de\/fussball\/index.php?rest_route=%2Fwp%2Fv2%2Fcategories&post=10617"},{"taxonomy":"post_tag","embeddable":true,"href":"https:\/\/www.djk-erlangen.de\/fussball\/index.php?rest_route=%2Fwp%2Fv2%2Ftags&post=10617"}],"curies":[{"name":"wp","href":"https:\/\/api.w.org\/{rel}","templated":true}]}}