{"id":10520,"date":"2013-06-30T16:37:13","date_gmt":"2013-06-30T14:37:13","guid":{"rendered":"http:\/\/www.djk-erlangen.de\/fussball\/?p=10520"},"modified":"2013-07-11T17:41:52","modified_gmt":"2013-07-11T15:41:52","slug":"wir-ziehen-um","status":"publish","type":"post","link":"https:\/\/www.djk-erlangen.de\/fussball\/?p=10520","title":{"rendered":"Wir ziehen um!"},"content":{"rendered":"<p>Hallo liebe Leser und Fans,<br \/>\ndie Saison 2012\/2013 ist gelaufen und bis zu unserem Turnier am 27.07.2013 sind es noch knapp 4 Wochen.<\/p>\n<p><!--more-->Bis dahin vertreiben wir uns die Zeit noch mit einem Kleinfeldturnier und Vorbereitungsspielen zur Eingew\u00f6hnung auf die neue Spielfeldgr\u00f6\u00dfe.<\/p>\n<p>Wir verlassen nun das Kleinfeld und bedanken uns bei unseren zahlreichen Fans und nat\u00fcrlich auch bei den Eltern f\u00fcr die Unterst\u00fctzung. Auch unseren Sponsoren sei an dieser Stelle mal ein gro\u00dfer\u00a0<span style=\"line-height: 1.7em;\">Dank ausgesprochen. Ohne Euch k\u00f6nnten wir diesen Aufwand gar nicht betreiben. Danke f\u00fcr Eurer Engagement!<\/span><\/p>\n<p>Ab September spielen wir dann als D2-Jugend im verkleinerten Gro\u00dffeld. Deshalb ziehen wir nicht nur vom Kleinfeld um auf eine neue Spielfeldgr\u00f6\u00dfe, sondern gleichzeitig auch mit unserer Website.<br \/>\nWir verabschieden uns als U11-E1 und freuen uns demn\u00e4chst als U13-D2 an den Start zu gehen.<\/p>\n<p>Dementsprechend wird dann auch in den n\u00e4chsten Tagen unsere Homepage auf die U13-D2 umziehen.<\/p>\n<p>Wir freuen uns schon heute darauf, Euch auch an der neuen Spielzeit wieder mit spannenden Berichten teilhaben zu lassen.<\/p>\n","protected":false},"excerpt":{"rendered":"<p>Hallo liebe Leser und Fans, die Saison 2012\/2013 ist gelaufen und bis zu unserem Turnier am 27.07.2013 sind es noch knapp 4 Wochen.<\/p>\n","protected":false},"author":32,"featured_media":0,"comment_status":"open","ping_status":"closed","sticky":false,"template":"","format":"standard","meta":{"jetpack_post_was_ever_published":false,"_jetpack_newsletter_access":"","_jetpack_dont_email_post_to_subs":false,"_jetpack_newsletter_tier_id":0,"_jetpack_memberships_contains_paywalled_content":false,"_jetpack_memberships_contains_paid_content":false,"footnotes":"","jetpack_publicize_message":"","jetpack_publicize_feature_enabled":true,"jetpack_social_post_already_shared":true,"jetpack_social_options":{"image_generator_settings":{"template":"highway","default_image_id":0,"font":"","enabled":false},"version":2}},"categories":[8,35],"tags":[],"class_list":["post-10520","post","type-post","status-publish","format-standard","hentry","category-u11-e1","category-u13-d2"],"jetpack_publicize_connections":[],"jetpack_featured_media_url":"","jetpack_shortlink":"https:\/\/wp.me\/p2ZUr0-2JG","jetpack_sharing_enabled":true,"_links":{"self":[{"href":"https:\/\/www.djk-erlangen.de\/fussball\/index.php?rest_route=\/wp\/v2\/posts\/10520","targetHints":{"allow":["GET"]}}],"collection":[{"href":"https:\/\/www.djk-erlangen.de\/fussball\/index.php?rest_route=\/wp\/v2\/posts"}],"about":[{"href":"https:\/\/www.djk-erlangen.de\/fussball\/index.php?rest_route=\/wp\/v2\/types\/post"}],"author":[{"embeddable":true,"href":"https:\/\/www.djk-erlangen.de\/fussball\/index.php?rest_route=\/wp\/v2\/users\/32"}],"replies":[{"embeddable":true,"href":"https:\/\/www.djk-erlangen.de\/fussball\/index.php?rest_route=%2Fwp%2Fv2%2Fcomments&post=10520"}],"version-history":[{"count":4,"href":"https:\/\/www.djk-erlangen.de\/fussball\/index.php?rest_route=\/wp\/v2\/posts\/10520\/revisions"}],"predecessor-version":[{"id":10636,"href":"https:\/\/www.djk-erlangen.de\/fussball\/index.php?rest_route=\/wp\/v2\/posts\/10520\/revisions\/10636"}],"wp:attachment":[{"href":"https:\/\/www.djk-erlangen.de\/fussball\/index.php?rest_route=%2Fwp%2Fv2%2Fmedia&parent=10520"}],"wp:term":[{"taxonomy":"category","embeddable":true,"href":"https:\/\/www.djk-erlangen.de\/fussball\/index.php?rest_route=%2Fwp%2Fv2%2Fcategories&post=10520"},{"taxonomy":"post_tag","embeddable":true,"href":"https:\/\/www.djk-erlangen.de\/fussball\/index.php?rest_route=%2Fwp%2Fv2%2Ftags&post=10520"}],"curies":[{"name":"wp","href":"https:\/\/api.w.org\/{rel}","templated":true}]}}