{"id":10510,"date":"2013-06-29T16:21:14","date_gmt":"2013-06-29T14:21:14","guid":{"rendered":"http:\/\/www.djk-erlangen.de\/fussball\/?p=10510"},"modified":"2013-06-29T18:46:13","modified_gmt":"2013-06-29T16:46:13","slug":"e2-unterliegt-im-viertelfinale-des-kreispokals","status":"publish","type":"post","link":"https:\/\/www.djk-erlangen.de\/fussball\/?p=10510","title":{"rendered":"E2 unterliegt im Viertelfinale des Kreispokals"},"content":{"rendered":"<p>Heute um\u00a010 Uhr hie\u00df es Ansto\u00df bei kr\u00e4ftigem Regen und k\u00fchlen Temperaturen im Viertelfinale des Kreispokals gegen die E2 der Spielvereinigung Erlangen. Zu den widrigen Bedingungen kamen noch personelle Engp\u00e4\u00dfe hinzu. Da der etatm\u00e4\u00dfige Trainer Peter Lober berufsbedingt fehlte,\u00a0\u00fcbernahm heute unser Jugendleiter Peter Scherneck diese Position.<!--more--><\/p>\n<p>Nach p\u00fcnktlichem Ansto\u00df entwickelte sich ein munteres Spiel, bei dem sich jedoch unsere G\u00e4ste die besseren Chancen erarbeiteten. Unsere Wiesenwegbuben waren\u00a0am Anfang noch\u00a0im Bolzmodus. So kamen wir nur gelegentlich vor das G\u00e4stegeh\u00e4use, konnten jedoch nicht wirklich gef\u00e4hrlich werden. Nach 10 Minuten war es dann soweit, unser G\u00e4ste nutzten eine Unachtsamkeit in der Defensivabteilung zur 0:1 F\u00fchrung. So richtig kamen wir danach noch immer nicht ins Spiel. Nach einem weiten Abschlag unseres Keepers verloren wir den Ball im Mittelfeld. Der gegnerische Mittelfeldspieler legte ein imposantes Solo hin, das dann im 0:2 endete. Das war dann auch der Pausenstand.<\/p>\n<p>Nach der Pause kamen wir etwas besser ins Spiel, dann aufstecken war heute nicht angesagt. Teilweise wurde jetzt kombiniert und siehe da, wir kamen auch dem generischen Geh\u00e4use immer n\u00e4her. Doch leider fingen wir uns in dieser Phase wieder einen Konter und lagen nun 0:3 zur\u00fcck. Doch nun wurden unsere Jungs wach und machten die letzten 15 Minuten richtig Druck. Erst mu\u00dfte der G\u00e4stekeeper nach einer Flanke von Rick\u00a0in h\u00f6chster Not retten. Dann gelang Ermal\u00a010 Minuten vor Schlu\u00df der hochverdiente Anschlu\u00dftreffer. Leider konnten wir nichts z\u00e4hlbares mehr\u00a0verbuchen, au\u00dfer gute Chancen und einen Lattentreffer von Manu.<\/p>\n<p>Heute haben wir 2 etwa gleich starke Mannschaften gesehen, bei der am\u00a0Ende sich\u00a0die\u00a0effizientere\u00a0durchgesetzt hat.<\/p>\n<p>&nbsp;<\/p>\n<p>DJK Aufgebot:<\/p>\n<p>Koray, Ermal, Alex, Jojo, Jonas, Rick, Manu, Dominik, Luis<\/p>\n<p>&nbsp;<\/p>\n<p>Tore:<\/p>\n<p>Ermal (1)<\/p>\n<p>&nbsp;<\/p>\n","protected":false},"excerpt":{"rendered":"<p>Heute um\u00a010 Uhr hie\u00df es Ansto\u00df bei kr\u00e4ftigem Regen und k\u00fchlen Temperaturen im Viertelfinale des Kreispokals gegen die E2 der Spielvereinigung Erlangen. Zu den widrigen Bedingungen kamen noch personelle Engp\u00e4\u00dfe hinzu. Da der etatm\u00e4\u00dfige Trainer Peter Lober berufsbedingt fehlte,\u00a0\u00fcbernahm heute &hellip; <a href=\"https:\/\/www.djk-erlangen.de\/fussball\/?p=10510\">Weiterlesen <span class=\"meta-nav\">&rarr;<\/span><\/a><\/p>\n","protected":false},"author":35,"featured_media":0,"comment_status":"open","ping_status":"closed","sticky":false,"template":"","format":"standard","meta":{"jetpack_post_was_ever_published":false,"_jetpack_newsletter_access":"","_jetpack_dont_email_post_to_subs":false,"_jetpack_newsletter_tier_id":0,"_jetpack_memberships_contains_paywalled_content":false,"_jetpack_memberships_contains_paid_content":false,"footnotes":"","jetpack_publicize_message":"","jetpack_publicize_feature_enabled":true,"jetpack_social_post_already_shared":true,"jetpack_social_options":{"image_generator_settings":{"template":"highway","default_image_id":0,"font":"","enabled":false},"version":2}},"categories":[26],"tags":[],"class_list":["post-10510","post","type-post","status-publish","format-standard","hentry","category-u11-e2"],"jetpack_publicize_connections":[],"jetpack_featured_media_url":"","jetpack_shortlink":"https:\/\/wp.me\/p2ZUr0-2Jw","jetpack_sharing_enabled":true,"_links":{"self":[{"href":"https:\/\/www.djk-erlangen.de\/fussball\/index.php?rest_route=\/wp\/v2\/posts\/10510","targetHints":{"allow":["GET"]}}],"collection":[{"href":"https:\/\/www.djk-erlangen.de\/fussball\/index.php?rest_route=\/wp\/v2\/posts"}],"about":[{"href":"https:\/\/www.djk-erlangen.de\/fussball\/index.php?rest_route=\/wp\/v2\/types\/post"}],"author":[{"embeddable":true,"href":"https:\/\/www.djk-erlangen.de\/fussball\/index.php?rest_route=\/wp\/v2\/users\/35"}],"replies":[{"embeddable":true,"href":"https:\/\/www.djk-erlangen.de\/fussball\/index.php?rest_route=%2Fwp%2Fv2%2Fcomments&post=10510"}],"version-history":[{"count":4,"href":"https:\/\/www.djk-erlangen.de\/fussball\/index.php?rest_route=\/wp\/v2\/posts\/10510\/revisions"}],"predecessor-version":[{"id":10518,"href":"https:\/\/www.djk-erlangen.de\/fussball\/index.php?rest_route=\/wp\/v2\/posts\/10510\/revisions\/10518"}],"wp:attachment":[{"href":"https:\/\/www.djk-erlangen.de\/fussball\/index.php?rest_route=%2Fwp%2Fv2%2Fmedia&parent=10510"}],"wp:term":[{"taxonomy":"category","embeddable":true,"href":"https:\/\/www.djk-erlangen.de\/fussball\/index.php?rest_route=%2Fwp%2Fv2%2Fcategories&post=10510"},{"taxonomy":"post_tag","embeddable":true,"href":"https:\/\/www.djk-erlangen.de\/fussball\/index.php?rest_route=%2Fwp%2Fv2%2Ftags&post=10510"}],"curies":[{"name":"wp","href":"https:\/\/api.w.org\/{rel}","templated":true}]}}