{"id":10442,"date":"2013-06-24T22:01:10","date_gmt":"2013-06-24T20:01:10","guid":{"rendered":"http:\/\/www.djk-erlangen.de\/fussball\/?p=10442"},"modified":"2013-06-24T22:07:17","modified_gmt":"2013-06-24T20:07:17","slug":"bodenseecup-war-wieder-ein-tolles-erlebnis","status":"publish","type":"post","link":"https:\/\/www.djk-erlangen.de\/fussball\/?p=10442","title":{"rendered":"Bodenseecup war wieder ein tolles Erlebnis"},"content":{"rendered":"<p>Am Freitag, 21.06.13 nachmittag zwischen 14.30 Uhr und 15.00 Uhr entflohen 12 Kinder und Jugendliche sowie 13 Erwachsene gen Konstanz am sch\u00f6nen Bodensee.<\/p>\n<p><!--more--><\/p>\n<p>P\u00fcnktlich zum Abendessen um 19.00 Uhr waren alle Reisegruppen in der Otto-M\u00f6ricke Jugendherberge eingetroffen. Danach vergn\u00fcgten sich die Kinder entweder mit Billard, Fu\u00dfball spielen oder Handy zocken und die Gro\u00dfen konnten so entspannt zum gem\u00fctlichen Teil \u00fcbergehen. Denn die Geburtstagsfeier 1.0 stand an. Am Schachbrett genossen wir dann den Sonnenuntergang \u00fcber dem Bodensee<br \/>\nund feierten eine kleine Party.<\/p>\n<p>Dies bekamen auch ungebetene Partyg\u00e4ste in Form von Schnacken mit und so verzogen wir uns dann kurzerhand in unseren Raum Meersburg, wo wir im Schutz vor den l\u00e4stigen Tierchen den Abend<br \/>\nentpannt ausklingen liesen.<\/p>\n<p>P\u00fcnktlich um 08.00 Uhr waren am n\u00e4chsten Morgen alle Reiseteilnehmer zum Fr\u00fchst\u00fcck erschienen, denn Vorbereitung auf den Turniertag mu\u00df schon sein. Gut gest\u00e4rkt fuhren wir dann in das 5 Minuten entfernte<br \/>\nBodenseestadion wo wir zielstrebig wieder unseren Platz auf der \u00fcberdachten Haupttrib\u00fcne einnahmen.<\/p>\n<p>Bereits vor dem ersten Spiel sp\u00fcrte unser Gebbi eine gewisse Anziehungskraft des Sees und st\u00fcrmte in die Fluten. Recht unterk\u00fchlt kehrte er dann allerdings zur\u00fcck und das Kapitel war schon am Vormittag geschlossen. Gef\u00fchlte 15\u00b0C Wassertemperatur waren dann doch ein bisschen heftig.<\/p>\n<p>Die ersten beiden Partien gegen den SC Konstanz-Wollmatingen 2 und gegen SV Litzelstetten wurden jeweils mit 1:0 gewonnen. So war man nach 2 Spielen punktgleich mit den beiden Favoriten FV Illertissen und den FV L\u00f6chgau.<\/p>\n<p>Anscheinend wollten unsere Jungs gegen die bis dato punktlosen Sportkameraden der DJK Villingen die Punkte im vorbei gehen mitnehmen. Dieser Schu\u00df ging aber richtig nach hinten los und ehe man sich versah standen die Wiesenwegbuben mit leeren H\u00e4nden da.<\/p>\n<p>Da war dann die Luft irgendwie raus und die beiden folgenden Spiele gegen Illertissen und den FC B\u00f6hrigen gingen total in die Hose. Erst eine Standpredigt des Trainers erinnerte die Jungs an Ihre Tugenden und im letzen Spiel bot man dem FV L\u00f6chgau sehr lange Paroli. Ein Foulachtmeter gegen uns wurde von unserem Torh\u00fcter entsch\u00e4rft und die Jungs wollten hier und jetzt unbedingt etwas rei\u00dfen. Aber nicht nur fehlendes Durchsetzungsverm\u00f6gen sondern auch die gravierende Abschlu\u00dfschw\u00e4che gegen kompakt agierende Gegner r\u00e4chte sich und so erzielte der FV L\u00f6chgau kurz vor dem Schlu\u00dfpfiff dann doch noch den Siegtreffer.<\/p>\n<p>Somit belegte man in unser Gruppe final den 5. Platz und zog ein H\u00e4uschen weiter zum Strandbad Horn, welches unmittelbar neben dem Stadion zu finden ist. Nachdem wir ja von den Temparaturen vorgewarnt waren, tasteten sich die etwas \u00c4lteren vorsichtig in kalte Na\u00df. Einzig unser Trainer Rainer tauchte dann wortw\u00f6rtlich unter.<\/p>\n<p>Den Kindern war es egal, die hatten rie\u00dfen Spa\u00df beim Baden im See. Jedoch zog man dann noch die Option in der angerenzenden Bodensee-Therme die Schwimmaktivit\u00e4ten kostenfrei fortzusetzen.<br \/>\nDer Rest der Truppe verbrachte die Zeit mit chillen am See, shoppen in Konstanz oder einfach nur mit Kaffetrinken im Strandcafe.<\/p>\n<p>Um 17.30 Uhr zogen wir dann wieder geschlossen zur\u00fcck in unsere Jugendherberge um uns Frisch f\u00fcr den Abend zu machen. Denn auch heute hatte ein Reiseteilnehmer Geburtstag.<\/p>\n<p>Nach dem erneut vorz\u00fcglichen und reichhaltigen Abendessen in Buffettform stand den Feierlichkeiten Geburtstag 2.0 nichts mehr im Wege. Diesmal gesellten wir uns deutlich fr\u00fcher ans Schachbrett um auch diesmal das Schauspiel \u00fcber dem See zu beobachten. Nach dem Geburtstagsst\u00e4ndchen von den Jungs an Ihren Mannschaftsarzt konnte dann die Party beginnen. Gewarnt vom Vortag \u00fcberraschten wir<br \/>\nheute die Stechm\u00fccken und verlegten kurzum die Feierlichkeiten in den Innenhof der Herberge.<\/p>\n<p>Am Sonntag war das Wetter dann leider nicht mehr so freundlich und kurzerhand wurden die geplanten Aktivit\u00e4ten nicht nur wegen dem Wetter sondern vielmehr auch wegen fehlender Ausweispapiere um organsiert. Anstatt Rheinfall setzte man mit der Autof\u00e4hre \u00fcber um den Affenfelsen von Salem einen Besuch abzustatten.<\/p>\n<p>Somit bin auch ich wieder um eine Erfahrung reicher, denn mir war nicht bewu\u00dft da\u00df die Berberaffen Popcorn essen. Nach dem Besuch begann dann f\u00fcr alle Reisegruppen die Heimreise und<br \/>\nzwischen 15.00 Uhr und 16.00 Uhr waren alle Teilnehmer wieder wohlbehalten im sonnigen Erlangen eingetroffen.<\/p>\n<p>Der Bodenseecup 2013 war wenn auch nicht sportlich, aber gesellschaftlich wieder ein voller Erfolg und ein sch\u00f6nes bleibendes Erlebnis.<\/p>\n<p>Schade, da\u00df wir 2014 aus altersgr\u00fcnden nicht mehr teilnehmen k\u00f6nnen.<\/p>\n","protected":false},"excerpt":{"rendered":"<p>Am Freitag, 21.06.13 nachmittag zwischen 14.30 Uhr und 15.00 Uhr entflohen 12 Kinder und Jugendliche sowie 13 Erwachsene gen Konstanz am sch\u00f6nen Bodensee.<\/p>\n","protected":false},"author":32,"featured_media":0,"comment_status":"open","ping_status":"closed","sticky":false,"template":"","format":"standard","meta":{"jetpack_post_was_ever_published":false,"_jetpack_newsletter_access":"","_jetpack_dont_email_post_to_subs":false,"_jetpack_newsletter_tier_id":0,"_jetpack_memberships_contains_paywalled_content":false,"_jetpack_memberships_contains_paid_content":false,"footnotes":"","jetpack_publicize_message":"","jetpack_publicize_feature_enabled":true,"jetpack_social_post_already_shared":true,"jetpack_social_options":{"image_generator_settings":{"template":"highway","default_image_id":0,"font":"","enabled":false},"version":2}},"categories":[8],"tags":[],"class_list":["post-10442","post","type-post","status-publish","format-standard","hentry","category-u11-e1"],"jetpack_publicize_connections":[],"jetpack_featured_media_url":"","jetpack_shortlink":"https:\/\/wp.me\/p2ZUr0-2Iq","jetpack_sharing_enabled":true,"_links":{"self":[{"href":"https:\/\/www.djk-erlangen.de\/fussball\/index.php?rest_route=\/wp\/v2\/posts\/10442","targetHints":{"allow":["GET"]}}],"collection":[{"href":"https:\/\/www.djk-erlangen.de\/fussball\/index.php?rest_route=\/wp\/v2\/posts"}],"about":[{"href":"https:\/\/www.djk-erlangen.de\/fussball\/index.php?rest_route=\/wp\/v2\/types\/post"}],"author":[{"embeddable":true,"href":"https:\/\/www.djk-erlangen.de\/fussball\/index.php?rest_route=\/wp\/v2\/users\/32"}],"replies":[{"embeddable":true,"href":"https:\/\/www.djk-erlangen.de\/fussball\/index.php?rest_route=%2Fwp%2Fv2%2Fcomments&post=10442"}],"version-history":[{"count":4,"href":"https:\/\/www.djk-erlangen.de\/fussball\/index.php?rest_route=\/wp\/v2\/posts\/10442\/revisions"}],"predecessor-version":[{"id":10447,"href":"https:\/\/www.djk-erlangen.de\/fussball\/index.php?rest_route=\/wp\/v2\/posts\/10442\/revisions\/10447"}],"wp:attachment":[{"href":"https:\/\/www.djk-erlangen.de\/fussball\/index.php?rest_route=%2Fwp%2Fv2%2Fmedia&parent=10442"}],"wp:term":[{"taxonomy":"category","embeddable":true,"href":"https:\/\/www.djk-erlangen.de\/fussball\/index.php?rest_route=%2Fwp%2Fv2%2Fcategories&post=10442"},{"taxonomy":"post_tag","embeddable":true,"href":"https:\/\/www.djk-erlangen.de\/fussball\/index.php?rest_route=%2Fwp%2Fv2%2Ftags&post=10442"}],"curies":[{"name":"wp","href":"https:\/\/api.w.org\/{rel}","templated":true}]}}